{"id":34302,"date":"2024-11-06T22:24:42","date_gmt":"2024-11-06T21:24:42","guid":{"rendered":"https:\/\/www.studiogera.de\/001\/?p=34302"},"modified":"2024-11-06T22:24:43","modified_gmt":"2024-11-06T21:24:43","slug":"malerei-mal-drei-in-der-bibliothek","status":"publish","type":"post","link":"https:\/\/www.studiogera.de\/001\/2024\/11\/06\/malerei-mal-drei-in-der-bibliothek\/","title":{"rendered":"\u201eMALEREI MAL DREI\u201d IN DER BIBLIOTHEK"},"content":{"rendered":"\n<p>Seit dem 6. November 2024 zeigt die Stadt- und Regionalbibliothek unter dem Motto \u201eMalerei mal drei\u201d in einer Gruppenausstellung Arbeiten der lokalen K\u00fcnster Monika Rosenkranz, Elvira Vongehr und Ingo Naumann.<\/p>\n\n\n\n<p>Monika Rosenkranz widmet sich hierbei romantischen Impressionen, nostalgischen Stra\u00dfenbahnen und sinnlicher Weiblichkeit. Elvira Vongehr liebt die Portr\u00e4tmalerei, zeichnet gern Tiere und Natur. Ingo Naumann hat \u00fcber viele Jahre ein breites Spektrum an Themen in seinen Bildern bearbeitet, wobei die Landschaftsmalerei einen gro\u00dfen Raum einnimmt. Fasziniert von Natur, Wald, Gebirge, Licht, widmet er sich diesen Ph\u00e4nomenen immer wieder aufs Neue.<\/p>\n\n\n\n<p>Die Bilder in der Ausstellung geben einen kleinen Einblick in die unterschiedlichen Malweisen der drei passionierten Freizeitmaler, zeigen vielf\u00e4ltige Motive und Stimmungen. Die drei K\u00fcnstler eint, dass sie \u00fcber lange Zeit gemeinsam in der Malgruppe des Geraer K\u00fcnstlers Hans-J\u00f6rg Waskowski ihrem Hobby nachgegangen sind, der im Sommer dieses Jahres verstorbenen ist.<\/p>\n\n\n\n<p>QUELLE: STADTVERWALTUNG<\/p>\n","protected":false},"excerpt":{"rendered":"<div class=\"mh-excerpt\"><p>Seit dem 6. November 2024 zeigt die Stadt- und Regionalbibliothek unter dem Motto \u201eMalerei mal drei\u201d in einer Gruppenausstellung Arbeiten der lokalen K\u00fcnster Monika Rosenkranz, Elvira Vongehr und Ingo Naumann. Monika Rosenkranz widmet sich hierbei <a class=\"mh-excerpt-more\" href=\"https:\/\/www.studiogera.de\/001\/2024\/11\/06\/malerei-mal-drei-in-der-bibliothek\/\" title=\"\u201eMALEREI MAL DREI\u201d IN DER BIBLIOTHEK\">[&#8230;]<\/a><\/p>\n<\/div>","protected":false},"author":2,"featured_media":34304,"comment_status":"open","ping_status":"open","sticky":false,"template":"","format":"standard","meta":{"footnotes":""},"categories":[8],"tags":[],"class_list":{"0":"post-34302","1":"post","2":"type-post","3":"status-publish","4":"format-standard","5":"has-post-thumbnail","7":"category-kultur"},"_links":{"self":[{"href":"https:\/\/www.studiogera.de\/001\/wp-json\/wp\/v2\/posts\/34302","targetHints":{"allow":["GET"]}}],"collection":[{"href":"https:\/\/www.studiogera.de\/001\/wp-json\/wp\/v2\/posts"}],"about":[{"href":"https:\/\/www.studiogera.de\/001\/wp-json\/wp\/v2\/types\/post"}],"author":[{"embeddable":true,"href":"https:\/\/www.studiogera.de\/001\/wp-json\/wp\/v2\/users\/2"}],"replies":[{"embeddable":true,"href":"https:\/\/www.studiogera.de\/001\/wp-json\/wp\/v2\/comments?post=34302"}],"version-history":[{"count":1,"href":"https:\/\/www.studiogera.de\/001\/wp-json\/wp\/v2\/posts\/34302\/revisions"}],"predecessor-version":[{"id":34303,"href":"https:\/\/www.studiogera.de\/001\/wp-json\/wp\/v2\/posts\/34302\/revisions\/34303"}],"wp:featuredmedia":[{"embeddable":true,"href":"https:\/\/www.studiogera.de\/001\/wp-json\/wp\/v2\/media\/34304"}],"wp:attachment":[{"href":"https:\/\/www.studiogera.de\/001\/wp-json\/wp\/v2\/media?parent=34302"}],"wp:term":[{"taxonomy":"category","embeddable":true,"href":"https:\/\/www.studiogera.de\/001\/wp-json\/wp\/v2\/categories?post=34302"},{"taxonomy":"post_tag","embeddable":true,"href":"https:\/\/www.studiogera.de\/001\/wp-json\/wp\/v2\/tags?post=34302"}],"curies":[{"name":"wp","href":"https:\/\/api.w.org\/{rel}","templated":true}]}}