{"id":34305,"date":"2024-11-06T22:26:38","date_gmt":"2024-11-06T21:26:38","guid":{"rendered":"https:\/\/www.studiogera.de\/001\/?p=34305"},"modified":"2024-11-06T22:26:39","modified_gmt":"2024-11-06T21:26:39","slug":"kellerbrand-in-einfamilienhaus-am-immenweg","status":"publish","type":"post","link":"https:\/\/www.studiogera.de\/001\/2024\/11\/06\/kellerbrand-in-einfamilienhaus-am-immenweg\/","title":{"rendered":"KELLERBRAND IN EINFAMILIENHAUS AM IMMENWEG"},"content":{"rendered":"\n<p>Gegen 17.45 Uhr r\u00fcckten am 5. November 2024 Einsatzkr\u00e4fte von Feuerwehr, Rettungsdienst und Polizei aus, nachdem ein Kellerbrand in einem Einfamilienhaus im Immenweg in Gera gemeldet worden war. Den Einsatzkr\u00e4ften der Feuerwehr gelang es zum Gl\u00fcck sehr z\u00fcgig, den Brand im Keller zu l\u00f6schen. Das dort wohnhafte Seniorenehepaar im Alter von 87 und 88 Jahren wurde allerdings durch den Rauch leicht verletzt und kam zur weiteren Behandlung ins Krankenhaus. Warum es zum Brandausbruch im Keller des Hauses kam, ermittelt nun die Kriminalpolizei.<\/p>\n","protected":false},"excerpt":{"rendered":"<div class=\"mh-excerpt\"><p>Gegen 17.45 Uhr r\u00fcckten am 5. November 2024 Einsatzkr\u00e4fte von Feuerwehr, Rettungsdienst und Polizei aus, nachdem ein Kellerbrand in einem Einfamilienhaus im Immenweg in Gera gemeldet worden war. Den Einsatzkr\u00e4ften der Feuerwehr gelang es zum <a class=\"mh-excerpt-more\" href=\"https:\/\/www.studiogera.de\/001\/2024\/11\/06\/kellerbrand-in-einfamilienhaus-am-immenweg\/\" title=\"KELLERBRAND IN EINFAMILIENHAUS AM IMMENWEG\">[&#8230;]<\/a><\/p>\n<\/div>","protected":false},"author":2,"featured_media":9362,"comment_status":"open","ping_status":"open","sticky":false,"template":"","format":"standard","meta":{"footnotes":""},"categories":[13],"tags":[],"class_list":{"0":"post-34305","1":"post","2":"type-post","3":"status-publish","4":"format-standard","5":"has-post-thumbnail","7":"category-polizeiberichte"},"_links":{"self":[{"href":"https:\/\/www.studiogera.de\/001\/wp-json\/wp\/v2\/posts\/34305","targetHints":{"allow":["GET"]}}],"collection":[{"href":"https:\/\/www.studiogera.de\/001\/wp-json\/wp\/v2\/posts"}],"about":[{"href":"https:\/\/www.studiogera.de\/001\/wp-json\/wp\/v2\/types\/post"}],"author":[{"embeddable":true,"href":"https:\/\/www.studiogera.de\/001\/wp-json\/wp\/v2\/users\/2"}],"replies":[{"embeddable":true,"href":"https:\/\/www.studiogera.de\/001\/wp-json\/wp\/v2\/comments?post=34305"}],"version-history":[{"count":1,"href":"https:\/\/www.studiogera.de\/001\/wp-json\/wp\/v2\/posts\/34305\/revisions"}],"predecessor-version":[{"id":34306,"href":"https:\/\/www.studiogera.de\/001\/wp-json\/wp\/v2\/posts\/34305\/revisions\/34306"}],"wp:featuredmedia":[{"embeddable":true,"href":"https:\/\/www.studiogera.de\/001\/wp-json\/wp\/v2\/media\/9362"}],"wp:attachment":[{"href":"https:\/\/www.studiogera.de\/001\/wp-json\/wp\/v2\/media?parent=34305"}],"wp:term":[{"taxonomy":"category","embeddable":true,"href":"https:\/\/www.studiogera.de\/001\/wp-json\/wp\/v2\/categories?post=34305"},{"taxonomy":"post_tag","embeddable":true,"href":"https:\/\/www.studiogera.de\/001\/wp-json\/wp\/v2\/tags?post=34305"}],"curies":[{"name":"wp","href":"https:\/\/api.w.org\/{rel}","templated":true}]}}