{"id":34307,"date":"2024-11-06T22:28:38","date_gmt":"2024-11-06T21:28:38","guid":{"rendered":"https:\/\/www.studiogera.de\/001\/?p=34307"},"modified":"2024-11-06T22:28:39","modified_gmt":"2024-11-06T21:28:39","slug":"rollator-in-der-leuchtenburgstrasse-gestohlen","status":"publish","type":"post","link":"https:\/\/www.studiogera.de\/001\/2024\/11\/06\/rollator-in-der-leuchtenburgstrasse-gestohlen\/","title":{"rendered":"ROLLATOR IN DER LEUCHTENBURGSTRASSE GESTOHLEN"},"content":{"rendered":"\n<p>Den Diebstahl ihres Rollators meldete die 48-j\u00e4hrige Eigent\u00fcmerin am Morgen des 5. November 2024 der Geraer Polizei. Der Rollator selbst stand dabei am genannten Tag f\u00fcr nur wenige Minuten, und zwar von 8 Uhr bis 8.45 Uhr, unbeobachtet im Treppenhaus des Mehrfamilienhauses in der Leuchtenburgstra\u00dfe. Die Geraer Polizei ermittelt zum Diebstahl mit der Bezugsnummer 0286018\/2024 und sucht nach Zeugen, welche Hinweise zum Verbleib des Rollators bzw. zu den T\u00e4tern selbst geben k\u00f6nnen.<\/p>\n","protected":false},"excerpt":{"rendered":"<div class=\"mh-excerpt\"><p>Den Diebstahl ihres Rollators meldete die 48-j\u00e4hrige Eigent\u00fcmerin am Morgen des 5. November 2024 der Geraer Polizei. Der Rollator selbst stand dabei am genannten Tag f\u00fcr nur wenige Minuten, und zwar von 8 Uhr bis <a class=\"mh-excerpt-more\" href=\"https:\/\/www.studiogera.de\/001\/2024\/11\/06\/rollator-in-der-leuchtenburgstrasse-gestohlen\/\" title=\"ROLLATOR IN DER LEUCHTENBURGSTRASSE GESTOHLEN\">[&#8230;]<\/a><\/p>\n<\/div>","protected":false},"author":2,"featured_media":9352,"comment_status":"open","ping_status":"open","sticky":false,"template":"","format":"standard","meta":{"footnotes":""},"categories":[13],"tags":[],"class_list":{"0":"post-34307","1":"post","2":"type-post","3":"status-publish","4":"format-standard","5":"has-post-thumbnail","7":"category-polizeiberichte"},"_links":{"self":[{"href":"https:\/\/www.studiogera.de\/001\/wp-json\/wp\/v2\/posts\/34307","targetHints":{"allow":["GET"]}}],"collection":[{"href":"https:\/\/www.studiogera.de\/001\/wp-json\/wp\/v2\/posts"}],"about":[{"href":"https:\/\/www.studiogera.de\/001\/wp-json\/wp\/v2\/types\/post"}],"author":[{"embeddable":true,"href":"https:\/\/www.studiogera.de\/001\/wp-json\/wp\/v2\/users\/2"}],"replies":[{"embeddable":true,"href":"https:\/\/www.studiogera.de\/001\/wp-json\/wp\/v2\/comments?post=34307"}],"version-history":[{"count":1,"href":"https:\/\/www.studiogera.de\/001\/wp-json\/wp\/v2\/posts\/34307\/revisions"}],"predecessor-version":[{"id":34308,"href":"https:\/\/www.studiogera.de\/001\/wp-json\/wp\/v2\/posts\/34307\/revisions\/34308"}],"wp:featuredmedia":[{"embeddable":true,"href":"https:\/\/www.studiogera.de\/001\/wp-json\/wp\/v2\/media\/9352"}],"wp:attachment":[{"href":"https:\/\/www.studiogera.de\/001\/wp-json\/wp\/v2\/media?parent=34307"}],"wp:term":[{"taxonomy":"category","embeddable":true,"href":"https:\/\/www.studiogera.de\/001\/wp-json\/wp\/v2\/categories?post=34307"},{"taxonomy":"post_tag","embeddable":true,"href":"https:\/\/www.studiogera.de\/001\/wp-json\/wp\/v2\/tags?post=34307"}],"curies":[{"name":"wp","href":"https:\/\/api.w.org\/{rel}","templated":true}]}}