{"id":34317,"date":"2024-11-08T10:18:59","date_gmt":"2024-11-08T09:18:59","guid":{"rendered":"https:\/\/www.studiogera.de\/001\/?p=34317"},"modified":"2024-11-08T10:31:02","modified_gmt":"2024-11-08T09:31:02","slug":"bundesweiter-vorlesetag-am-15-november-2024","status":"publish","type":"post","link":"https:\/\/www.studiogera.de\/001\/2024\/11\/08\/bundesweiter-vorlesetag-am-15-november-2024\/","title":{"rendered":"BUNDESWEITER VORLESETAG AM 15. NOVEMBER 2024"},"content":{"rendered":"\n<p><em>Maja Persch vom ASB Besuchshundedienst, Sprengmeister Benjamin Schneider, der gelernte Koch Florian Heinrich und Eishockeyspieler aus Crimmitschau engagieren sich als Vorleser f\u00fcr Kinder aus Geraer Kindertagesst\u00e4tten und Grundschulen.<\/em><\/p>\n\n\n\n<p>Die Stadt- und Regionalbibliothek Gera beteiligt sich auch in diesem Jahr an der nunmehr bereits 21. Auflage des bundesweiten Vorlesetags am 15. November 2024.<\/p>\n\n\n\n<p>In der Bibliothek am Puschkinplatz ist 9.30 Uhr Maja Persch vom ASB-Besuchshundedienst zu Gast. Sie liest \u201eJosefine w\u00fcnscht sich einen Hund\u201c von Tove Appelgren. Um 13.30 Uhr ist Sprengmeister Benjamin Schneider als Vorleser zu erleben. Er liest \u201eInspektor Dilemma \u2013 es fliegt was durch die Luft\u201c von Kristina Andres.\u00a0<\/p>\n\n\n\n<p>Auch in der Stadtteilbibliothek Lusan wird vorgelesen. Um 9 Uhr liest dort der gelernte Koch Florian Heinrich die Geschichte \u201eVom L\u00f6wen, der nicht kochen konnte\u201c von Martin Baltscheit. Um 14 Uhr sind Spieler der Eispiraten Crimmitschau zu Gast; ihr gew\u00e4hltes Buch hei\u00dft \u201eDie Eishockey Pinguine greifen an\u201c von Elke Pfesdorf.<\/p>\n\n\n\n<p>Bereits seit mehreren Jahren l\u00e4dt die Bibliothek zum Vorlesetag Menschen ein, die durch ihre Berufe, ehrenamtliche T\u00e4tigkeiten oder Hobbys im Licht der \u00d6ffentlichkeit stehen oder Interessantes von diesem erz\u00e4hlen k\u00f6nnen. Die Mischung aus vorgelesenen Geschichten und lebendigem Erz\u00e4hlen aus dem beruflichen Alltag oder der ehrenamtlichen T\u00e4tigkeit begeistert die jungen Zuh\u00f6rer und macht neugierig. Es ist somit eine Einladung, mit Geschichten und B\u00fcchern lesend die Welt zu entdecken.<\/p>\n\n\n\n<p>Als Zuh\u00f6rer eingeladen sind Kinder aus Geraer Kindertagesst\u00e4tten und Grundschulen. Die Bibliothek setzt damit auch ihre kontinuierliche Zusammenarbeit mit Kinderg\u00e4rten und Schulen zur gemeinsamen Lesef\u00f6rderung fort.<\/p>\n\n\n\n<p>Der Vorlesetag, initiiert von der Wochenzeitung Die Zeit, der Stiftung Lesen und der Deutschen-Bahn-Stiftung, gilt als das gr\u00f6\u00dfte Vorlesefest Deutschlands und stellt Jahr f\u00fcr Jahr neue Teilnehmerrekorde auf. Beteiligten sich zu Beginn gerade einmal 1900 Menschen, so sind es mittlerweile \u00fcber eine Million Teilnehmer in ganz Deutschland.<\/p>\n\n\n\n<p>QUELLE: STADTVERWALTUNG<\/p>\n","protected":false},"excerpt":{"rendered":"<div class=\"mh-excerpt\"><p>Maja Persch vom ASB Besuchshundedienst, Sprengmeister Benjamin Schneider, der gelernte Koch Florian Heinrich und Eishockeyspieler aus Crimmitschau engagieren sich als Vorleser f\u00fcr Kinder aus Geraer Kindertagesst\u00e4tten und Grundschulen. Die Stadt- und Regionalbibliothek Gera beteiligt sich <a class=\"mh-excerpt-more\" href=\"https:\/\/www.studiogera.de\/001\/2024\/11\/08\/bundesweiter-vorlesetag-am-15-november-2024\/\" title=\"BUNDESWEITER VORLESETAG AM 15. NOVEMBER 2024\">[&#8230;]<\/a><\/p>\n<\/div>","protected":false},"author":2,"featured_media":34320,"comment_status":"open","ping_status":"open","sticky":false,"template":"","format":"standard","meta":{"footnotes":""},"categories":[8],"tags":[],"class_list":{"0":"post-34317","1":"post","2":"type-post","3":"status-publish","4":"format-standard","5":"has-post-thumbnail","7":"category-kultur"},"_links":{"self":[{"href":"https:\/\/www.studiogera.de\/001\/wp-json\/wp\/v2\/posts\/34317","targetHints":{"allow":["GET"]}}],"collection":[{"href":"https:\/\/www.studiogera.de\/001\/wp-json\/wp\/v2\/posts"}],"about":[{"href":"https:\/\/www.studiogera.de\/001\/wp-json\/wp\/v2\/types\/post"}],"author":[{"embeddable":true,"href":"https:\/\/www.studiogera.de\/001\/wp-json\/wp\/v2\/users\/2"}],"replies":[{"embeddable":true,"href":"https:\/\/www.studiogera.de\/001\/wp-json\/wp\/v2\/comments?post=34317"}],"version-history":[{"count":2,"href":"https:\/\/www.studiogera.de\/001\/wp-json\/wp\/v2\/posts\/34317\/revisions"}],"predecessor-version":[{"id":34321,"href":"https:\/\/www.studiogera.de\/001\/wp-json\/wp\/v2\/posts\/34317\/revisions\/34321"}],"wp:featuredmedia":[{"embeddable":true,"href":"https:\/\/www.studiogera.de\/001\/wp-json\/wp\/v2\/media\/34320"}],"wp:attachment":[{"href":"https:\/\/www.studiogera.de\/001\/wp-json\/wp\/v2\/media?parent=34317"}],"wp:term":[{"taxonomy":"category","embeddable":true,"href":"https:\/\/www.studiogera.de\/001\/wp-json\/wp\/v2\/categories?post=34317"},{"taxonomy":"post_tag","embeddable":true,"href":"https:\/\/www.studiogera.de\/001\/wp-json\/wp\/v2\/tags?post=34317"}],"curies":[{"name":"wp","href":"https:\/\/api.w.org\/{rel}","templated":true}]}}