{"id":34327,"date":"2024-11-08T10:53:58","date_gmt":"2024-11-08T09:53:58","guid":{"rendered":"https:\/\/www.studiogera.de\/001\/?p=34327"},"modified":"2024-11-08T10:54:00","modified_gmt":"2024-11-08T09:54:00","slug":"trauer-um-engagierten-mahner-der-erinnerungskultur","status":"publish","type":"post","link":"https:\/\/www.studiogera.de\/001\/2024\/11\/08\/trauer-um-engagierten-mahner-der-erinnerungskultur\/","title":{"rendered":"TRAUER UM ENGAGIERTEN MAHNER DER ERINNERUNGSKULTUR"},"content":{"rendered":"\n<p>Mit tiefem Bedauern hat die Stadt vom Tod von Dieter Nendel erfahren, der am 16. Oktober 2024 im Alter von 92 Jahren verstorben ist. Die Stadt Gera verliert mit ihm ein tatkr\u00e4ftiges und engagiertes Mitglied der Gemeinschaft, dessen Einsatz f\u00fcr eine w\u00fcrdige Erinnerungskultur in der Region unvergessen bleibt.<\/p>\n\n\n\n<p>Dieter Nendel, geb\u00fcrtiger Chemnitzer, lebte seit 1954 in Gera. Er hinterl\u00e4sst ein beeindruckendes Erbe. Oberb\u00fcrgermeister Kurt Dannenberg das Werk Nendels:<\/p>\n\n\n\n<blockquote class=\"wp-block-quote is-layout-flow wp-block-quote-is-layout-flow\">\n<p>\u201eSein unerm\u00fcdlicher Kampf f\u00fcr eine Erinnerungskultur zeugte von seinem starken Glauben an die Notwendigkeit, die Vergangenheit aufzuarbeiten und sichtbar zu machen. Sein Wirken wird uns als Vorbild dienen, f\u00fcr eine Gesellschaft, die aus der Vergangenheit lernt und zuk\u00fcnftige Generationen f\u00fcr die Werte der Menschlichkeit und Toleranz sensibilisiert.\u201c<\/p>\n<\/blockquote>\n\n\n\n<p>Dieter Nendel zeigte sich besonders engagiert in der Gedenkst\u00e4tte Amthordurchgang f\u00fcr die Erinnerungskultur des DDR-Unrechts und setzte sich f\u00fcr das j\u00e4hrliche Glockenl\u00e4uten am 6. April ein, um an die Bombenangriffe auf die Stadt am Ende des Zweiten Weltkriegs zu erinnern.<\/p>\n\n\n\n<p>Die Stadt Gera spricht in dieser schweren Zeit seinen Angeh\u00f6rigen und Freunden tiefes Mitgef\u00fchl aus. Sie wird sein Andenken in Ehren halten und seinen unerm\u00fcdlichen Einsatz f\u00fcr eine kulturelle Erinnerung bewahren.<\/p>\n\n\n\n<p>QUELLE: STSDTVERWALTUNG<\/p>\n","protected":false},"excerpt":{"rendered":"<div class=\"mh-excerpt\"><p>Mit tiefem Bedauern hat die Stadt vom Tod von Dieter Nendel erfahren, der am 16. Oktober 2024 im Alter von 92 Jahren verstorben ist. Die Stadt Gera verliert mit ihm ein tatkr\u00e4ftiges und engagiertes Mitglied <a class=\"mh-excerpt-more\" href=\"https:\/\/www.studiogera.de\/001\/2024\/11\/08\/trauer-um-engagierten-mahner-der-erinnerungskultur\/\" title=\"TRAUER UM ENGAGIERTEN MAHNER DER ERINNERUNGSKULTUR\">[&#8230;]<\/a><\/p>\n<\/div>","protected":false},"author":2,"featured_media":34328,"comment_status":"open","ping_status":"open","sticky":false,"template":"","format":"standard","meta":{"footnotes":""},"categories":[8],"tags":[],"class_list":{"0":"post-34327","1":"post","2":"type-post","3":"status-publish","4":"format-standard","5":"has-post-thumbnail","7":"category-kultur"},"_links":{"self":[{"href":"https:\/\/www.studiogera.de\/001\/wp-json\/wp\/v2\/posts\/34327","targetHints":{"allow":["GET"]}}],"collection":[{"href":"https:\/\/www.studiogera.de\/001\/wp-json\/wp\/v2\/posts"}],"about":[{"href":"https:\/\/www.studiogera.de\/001\/wp-json\/wp\/v2\/types\/post"}],"author":[{"embeddable":true,"href":"https:\/\/www.studiogera.de\/001\/wp-json\/wp\/v2\/users\/2"}],"replies":[{"embeddable":true,"href":"https:\/\/www.studiogera.de\/001\/wp-json\/wp\/v2\/comments?post=34327"}],"version-history":[{"count":1,"href":"https:\/\/www.studiogera.de\/001\/wp-json\/wp\/v2\/posts\/34327\/revisions"}],"predecessor-version":[{"id":34329,"href":"https:\/\/www.studiogera.de\/001\/wp-json\/wp\/v2\/posts\/34327\/revisions\/34329"}],"wp:featuredmedia":[{"embeddable":true,"href":"https:\/\/www.studiogera.de\/001\/wp-json\/wp\/v2\/media\/34328"}],"wp:attachment":[{"href":"https:\/\/www.studiogera.de\/001\/wp-json\/wp\/v2\/media?parent=34327"}],"wp:term":[{"taxonomy":"category","embeddable":true,"href":"https:\/\/www.studiogera.de\/001\/wp-json\/wp\/v2\/categories?post=34327"},{"taxonomy":"post_tag","embeddable":true,"href":"https:\/\/www.studiogera.de\/001\/wp-json\/wp\/v2\/tags?post=34327"}],"curies":[{"name":"wp","href":"https:\/\/api.w.org\/{rel}","templated":true}]}}