{"id":34347,"date":"2024-11-09T09:51:32","date_gmt":"2024-11-09T08:51:32","guid":{"rendered":"https:\/\/www.studiogera.de\/001\/?p=34347"},"modified":"2024-11-09T09:51:33","modified_gmt":"2024-11-09T08:51:33","slug":"gelungenes-herbstvolksfest-mit-ueber-50000-besuchern","status":"publish","type":"post","link":"https:\/\/www.studiogera.de\/001\/2024\/11\/09\/gelungenes-herbstvolksfest-mit-ueber-50000-besuchern\/","title":{"rendered":"GELUNGENES HERBSTVOLKSFEST MIT \u00dcBER 50&#8217;000 BESUCHERN"},"content":{"rendered":"\n<p>Das Herbstvolksfest in Gera fand zwischen dem 19. Oktober und dem 3. November 2024 auf dem Festplatz Hofwiesenpark statt. Die Stadt Gera und die Betreiber ziehen eine \u00e4u\u00dferst positive Bilanz: Rund 50&#8217;000 G\u00e4ste erlebten ein buntes Treiben voller Spa\u00df und Unterhaltung an den 29 Schaustellergesch\u00e4ften und gastronomischen Einrichtungen. Die Veranstalter sind \u00e4u\u00dferst zufrieden mit dem Zuspruch und freuen sich \u00fcber die positive Resonanz der Besucherinnen und Besucher.<\/p>\n\n\n\n<p>Besonders beliebt war der Familientag, der sich erneut als Publikumsmagnet erwies. Familien genossen zahlreiche Sonderaktionen und Rabatte. Besonders gut angenommen wurden die Neuheiten des Festes, wie die Fahrgesch\u00e4fte &#8222;Street Fighter&#8220; und &#8222;Laser Pix&#8220;. Doch auch die traditionellen Klassiker wie das Riesenrad und der Auto Scooter erfreuten sich gro\u00dfer Beliebtheit und zogen viele Besucher an.<\/p>\n\n\n\n<p>Ein besonderes Highlight in diesem Jahr war eine Backstage-Tour. Diese wurde von der Stadt Gera im Rahmen eines Gewinnspiels verlost. Die Gewinner erhielten exklusive Einblicke hinter die Kulissen der verschiedenen Fahr- und Belustigungsgesch\u00e4fte, darunter das Riesenrad, Break Dance, Laser-Pix und die Villa Wahnsinn. Es gab Hintergrundinformationen zur technischen Funktionsweise der Attraktionen, zum Leben eines Schaustellers auf Reisen und Probefahrten.<\/p>\n\n\n\n<p>Die Veranstalter danken allen Beteiligten, Schaustellern und G\u00e4sten f\u00fcr ein gelungenes Herbstvolksfest und freuen sich bereits auf das n\u00e4chste Fr\u00fchlingsvolksfest, das dann vom 1. bis 18. Mai 2025 stattfindet.<strong><\/strong><\/p>\n\n\n\n<p>QUELLE: STADTVERWALTUNG<\/p>\n","protected":false},"excerpt":{"rendered":"<div class=\"mh-excerpt\"><p>Das Herbstvolksfest in Gera fand zwischen dem 19. Oktober und dem 3. November 2024 auf dem Festplatz Hofwiesenpark statt. Die Stadt Gera und die Betreiber ziehen eine \u00e4u\u00dferst positive Bilanz: Rund 50&#8217;000 G\u00e4ste erlebten ein <a class=\"mh-excerpt-more\" href=\"https:\/\/www.studiogera.de\/001\/2024\/11\/09\/gelungenes-herbstvolksfest-mit-ueber-50000-besuchern\/\" title=\"GELUNGENES HERBSTVOLKSFEST MIT \u00dcBER 50&#8217;000 BESUCHERN\">[&#8230;]<\/a><\/p>\n<\/div>","protected":false},"author":2,"featured_media":34348,"comment_status":"open","ping_status":"open","sticky":false,"template":"","format":"standard","meta":{"footnotes":""},"categories":[8],"tags":[],"class_list":{"0":"post-34347","1":"post","2":"type-post","3":"status-publish","4":"format-standard","5":"has-post-thumbnail","7":"category-kultur"},"_links":{"self":[{"href":"https:\/\/www.studiogera.de\/001\/wp-json\/wp\/v2\/posts\/34347","targetHints":{"allow":["GET"]}}],"collection":[{"href":"https:\/\/www.studiogera.de\/001\/wp-json\/wp\/v2\/posts"}],"about":[{"href":"https:\/\/www.studiogera.de\/001\/wp-json\/wp\/v2\/types\/post"}],"author":[{"embeddable":true,"href":"https:\/\/www.studiogera.de\/001\/wp-json\/wp\/v2\/users\/2"}],"replies":[{"embeddable":true,"href":"https:\/\/www.studiogera.de\/001\/wp-json\/wp\/v2\/comments?post=34347"}],"version-history":[{"count":1,"href":"https:\/\/www.studiogera.de\/001\/wp-json\/wp\/v2\/posts\/34347\/revisions"}],"predecessor-version":[{"id":34349,"href":"https:\/\/www.studiogera.de\/001\/wp-json\/wp\/v2\/posts\/34347\/revisions\/34349"}],"wp:featuredmedia":[{"embeddable":true,"href":"https:\/\/www.studiogera.de\/001\/wp-json\/wp\/v2\/media\/34348"}],"wp:attachment":[{"href":"https:\/\/www.studiogera.de\/001\/wp-json\/wp\/v2\/media?parent=34347"}],"wp:term":[{"taxonomy":"category","embeddable":true,"href":"https:\/\/www.studiogera.de\/001\/wp-json\/wp\/v2\/categories?post=34347"},{"taxonomy":"post_tag","embeddable":true,"href":"https:\/\/www.studiogera.de\/001\/wp-json\/wp\/v2\/tags?post=34347"}],"curies":[{"name":"wp","href":"https:\/\/api.w.org\/{rel}","templated":true}]}}