{"id":34384,"date":"2024-11-10T23:29:24","date_gmt":"2024-11-10T22:29:24","guid":{"rendered":"https:\/\/www.studiogera.de\/001\/?p=34384"},"modified":"2024-11-10T23:29:25","modified_gmt":"2024-11-10T22:29:25","slug":"weitere-meldungen-aus-gera-79","status":"publish","type":"post","link":"https:\/\/www.studiogera.de\/001\/2024\/11\/10\/weitere-meldungen-aus-gera-79\/","title":{"rendered":"WEITERE MELDUNGEN AUS GERA"},"content":{"rendered":"\n<p>Die beiden Geraer K\u00fcnstler Wolfgang Schwarzentrub und Barbara Toch werden dem Stadtarchiv das \u201eWerkbuch X\u201c \u00fcbergeben. Pr\u00e4sentiert wird darin eine breite Palette von Werken beider Kunstschaffender aus den letzten f\u00fcnf Jahrzehnten.<\/p>\n\n\n\n<p>Die November-Sprechstunde der Schiedsstelle 4 im B\u00fcro des Ortsteilb\u00fcrgemeisters in Zw\u00f6tzen, Pfarrstra\u00dfe 3, wird auf den 21. November 2024 von 18 Uhr bis 19 Uhr verlegt. Der Termin am 14. November 2024 f\u00e4llt aus.<\/p>\n\n\n\n<p>Am 8. November wurde der alte Seniorenbeirat des Zeitraumes 2019 bis 2024 verabschiedet und entlastet. Au\u00dferdem fand die konstituierende Sitzung des neuen Seniorenbeirates LP 2024 bis 2029 statt.<\/p>\n\n\n\n<p>Am 10. November 2024 wurde die Sonderausstellung \u201eVerr\u00fcckt nach Ton. Keramik aus sieben Jahrzenten&#8220; im Museum f\u00fcr Angewandte Kunst er\u00f6ffnet. In dieser Ausstellung wird moderne Keramik in einer faszinierenden Breite vorgestellt.<\/p>\n\n\n\n<p>Neue Leiterin des Stadtteilb\u00fcros in Bieblach ist seit dem 1. Oktober 2024 die Diplom-P\u00e4dagogin Kathleen Klimt. Das Stadtteilb\u00fcro befindet sich in der Leuchtenburgstra\u00dfe 10.<\/p>\n\n\n\n<p>Die Gastst\u00e4tte Kuckucksdiele am Faulenzerweg ist seit dem 6. November 2024 wieder ge\u00f6ffnet.<\/p>\n\n\n\n<p>Die Sparkasse Gera-Greiz hat die Villa Hirsch von der GWB Elstertal abgekauft. Das Geb\u00e4ude soll wieder genutzt, das Gel\u00e4nde \u00f6ffentlich zug\u00e4nglich gemacht werden.<\/p>\n","protected":false},"excerpt":{"rendered":"<div class=\"mh-excerpt\"><p>Die beiden Geraer K\u00fcnstler Wolfgang Schwarzentrub und Barbara Toch werden dem Stadtarchiv das \u201eWerkbuch X\u201c \u00fcbergeben. Pr\u00e4sentiert wird darin eine breite Palette von Werken beider Kunstschaffender aus den letzten f\u00fcnf Jahrzehnten. Die November-Sprechstunde der Schiedsstelle <a class=\"mh-excerpt-more\" href=\"https:\/\/www.studiogera.de\/001\/2024\/11\/10\/weitere-meldungen-aus-gera-79\/\" title=\"WEITERE MELDUNGEN AUS GERA\">[&#8230;]<\/a><\/p>\n<\/div>","protected":false},"author":2,"featured_media":22583,"comment_status":"open","ping_status":"open","sticky":false,"template":"","format":"standard","meta":{"footnotes":""},"categories":[16],"tags":[],"class_list":{"0":"post-34384","1":"post","2":"type-post","3":"status-publish","4":"format-standard","5":"has-post-thumbnail","7":"category-kurzmitteilungen"},"_links":{"self":[{"href":"https:\/\/www.studiogera.de\/001\/wp-json\/wp\/v2\/posts\/34384","targetHints":{"allow":["GET"]}}],"collection":[{"href":"https:\/\/www.studiogera.de\/001\/wp-json\/wp\/v2\/posts"}],"about":[{"href":"https:\/\/www.studiogera.de\/001\/wp-json\/wp\/v2\/types\/post"}],"author":[{"embeddable":true,"href":"https:\/\/www.studiogera.de\/001\/wp-json\/wp\/v2\/users\/2"}],"replies":[{"embeddable":true,"href":"https:\/\/www.studiogera.de\/001\/wp-json\/wp\/v2\/comments?post=34384"}],"version-history":[{"count":1,"href":"https:\/\/www.studiogera.de\/001\/wp-json\/wp\/v2\/posts\/34384\/revisions"}],"predecessor-version":[{"id":34385,"href":"https:\/\/www.studiogera.de\/001\/wp-json\/wp\/v2\/posts\/34384\/revisions\/34385"}],"wp:featuredmedia":[{"embeddable":true,"href":"https:\/\/www.studiogera.de\/001\/wp-json\/wp\/v2\/media\/22583"}],"wp:attachment":[{"href":"https:\/\/www.studiogera.de\/001\/wp-json\/wp\/v2\/media?parent=34384"}],"wp:term":[{"taxonomy":"category","embeddable":true,"href":"https:\/\/www.studiogera.de\/001\/wp-json\/wp\/v2\/categories?post=34384"},{"taxonomy":"post_tag","embeddable":true,"href":"https:\/\/www.studiogera.de\/001\/wp-json\/wp\/v2\/tags?post=34384"}],"curies":[{"name":"wp","href":"https:\/\/api.w.org\/{rel}","templated":true}]}}