{"id":34492,"date":"2024-11-18T00:17:39","date_gmt":"2024-11-17T23:17:39","guid":{"rendered":"https:\/\/www.studiogera.de\/001\/?p=34492"},"modified":"2024-11-18T00:17:41","modified_gmt":"2024-11-17T23:17:41","slug":"weitere-meldungen-aus-gera-81","status":"publish","type":"post","link":"https:\/\/www.studiogera.de\/001\/2024\/11\/18\/weitere-meldungen-aus-gera-81\/","title":{"rendered":"WEITERE MELDUNGEN AUS GERA"},"content":{"rendered":"\n<p>Vor dem Kultur- und Kongresszentrum wird das neue Winterdorf aufgebaut. In der Schlo\u00dfstra\u00dfe hat bereits eine Gl\u00fchweinbude ge\u00f6ffnet.<\/p>\n\n\n\n<p>Am Synagogendenkmal in der Sch\u00fclerstra\u00dfe wurden am Sonntag erneut Kr\u00e4nze niedergelegt. Die zuvor dort abgelegten Kr\u00e4nze und Str\u00e4u\u00dfe waren besch\u00e4digt worden.<\/p>\n\n\n\n<p>Am Montag, den 18. November 2024, beginnt um 11 Uhr im Kultur- und Kongresszentrum die \u00f6ffentliche Tagung \u201ePalastkulturen. Geschichte und Gegenwart der DDR-Kulturh\u00e4user\u201c.<\/p>\n\n\n\n<p>Die Abteilung Versorgung des Amtes f\u00fcr Gesundheit und Versorgung bleibt in der Zeit vom 18. November 2024 bis 3. Januar 2025 f\u00fcr den Besucherverkehr geschlossen. Es wird darum gebeten, von pers\u00f6nlichen Vorsprachen abzusehen. Grund daf\u00fcr sind die hohen Bearbeitungsr\u00fcckst\u00e4nde. Anliegen k\u00f6nnen telefonisch unter der Rufnummer +493658383508 oder \u00fcber \u201eschwerbehindertenfeststellung@gera.de\u201c vorgetragen werden. Die weiteren Abteilungen im Amt f\u00fcr Gesundheit und Versorgung sind von dieser kurzzeitigen Schlie\u00dfung nicht betroffen.<\/p>\n\n\n\n<p>Das Kulturamt der Stadt Gera bittet um Bewerbungen f\u00fcr die Standpl\u00e4tze zum Hofwiesenparkfest 2025. Gesucht werden Interessenten zur Betreibung der St\u00e4nde f\u00fcr Gastronomie und Kinderunterhaltung sowie andere das Fest bereichernde Angebote zur Ausgestaltung des 16. Hofwiesenparkfestes vom 1. bis 4. Mai 2025. Das Bewerbungsformular ist bei der Stadtverwaltung auf Anfrage erh\u00e4ltlich und bis zum 17. Dezember 2024 vollst\u00e4ndig ausgef\u00fcllt zur\u00fcckzusenden. Die zust\u00e4ndige Sachbearbeiterin, Frau Kathy Deutscher, ist unter der Rufnummer +49365619209 und \u00fcber \u201edeutscher.kathy@gera.de\u201c erreichbar.<\/p>\n\n\n\n<p>Vom 20. November bis voraussichtlich 20. Dezember 2024 wird die Talstra\u00dfe zwischen Schmelzh\u00fcttenstra\u00dfe und Heinrichstra\u00dfe als Einbahnstra\u00dfe fungieren. Der Verkehr in Richtung Sachsenplatz wird \u00fcber die Breitscheidstra\u00dfe, Reichsstra\u00dfe und Christian-Schmidt-Stra\u00dfe umgeleitet. Grund der Sperrung sind Reparaturarbeiten am Abwasserkanal durch die Firma MTT Hoch- und Tiefbau GmbH M\u00fcnchenbernsdorf im Auftrag des Zweckverbandes Wassser\/Abwasser Mittleres Elstertal.<\/p>\n","protected":false},"excerpt":{"rendered":"<div class=\"mh-excerpt\"><p>Vor dem Kultur- und Kongresszentrum wird das neue Winterdorf aufgebaut. In der Schlo\u00dfstra\u00dfe hat bereits eine Gl\u00fchweinbude ge\u00f6ffnet. Am Synagogendenkmal in der Sch\u00fclerstra\u00dfe wurden am Sonntag erneut Kr\u00e4nze niedergelegt. Die zuvor dort abgelegten Kr\u00e4nze und <a class=\"mh-excerpt-more\" href=\"https:\/\/www.studiogera.de\/001\/2024\/11\/18\/weitere-meldungen-aus-gera-81\/\" title=\"WEITERE MELDUNGEN AUS GERA\">[&#8230;]<\/a><\/p>\n<\/div>","protected":false},"author":2,"featured_media":34494,"comment_status":"open","ping_status":"open","sticky":false,"template":"","format":"standard","meta":{"footnotes":""},"categories":[16],"tags":[],"class_list":{"0":"post-34492","1":"post","2":"type-post","3":"status-publish","4":"format-standard","5":"has-post-thumbnail","7":"category-kurzmitteilungen"},"_links":{"self":[{"href":"https:\/\/www.studiogera.de\/001\/wp-json\/wp\/v2\/posts\/34492","targetHints":{"allow":["GET"]}}],"collection":[{"href":"https:\/\/www.studiogera.de\/001\/wp-json\/wp\/v2\/posts"}],"about":[{"href":"https:\/\/www.studiogera.de\/001\/wp-json\/wp\/v2\/types\/post"}],"author":[{"embeddable":true,"href":"https:\/\/www.studiogera.de\/001\/wp-json\/wp\/v2\/users\/2"}],"replies":[{"embeddable":true,"href":"https:\/\/www.studiogera.de\/001\/wp-json\/wp\/v2\/comments?post=34492"}],"version-history":[{"count":2,"href":"https:\/\/www.studiogera.de\/001\/wp-json\/wp\/v2\/posts\/34492\/revisions"}],"predecessor-version":[{"id":34495,"href":"https:\/\/www.studiogera.de\/001\/wp-json\/wp\/v2\/posts\/34492\/revisions\/34495"}],"wp:featuredmedia":[{"embeddable":true,"href":"https:\/\/www.studiogera.de\/001\/wp-json\/wp\/v2\/media\/34494"}],"wp:attachment":[{"href":"https:\/\/www.studiogera.de\/001\/wp-json\/wp\/v2\/media?parent=34492"}],"wp:term":[{"taxonomy":"category","embeddable":true,"href":"https:\/\/www.studiogera.de\/001\/wp-json\/wp\/v2\/categories?post=34492"},{"taxonomy":"post_tag","embeddable":true,"href":"https:\/\/www.studiogera.de\/001\/wp-json\/wp\/v2\/tags?post=34492"}],"curies":[{"name":"wp","href":"https:\/\/api.w.org\/{rel}","templated":true}]}}