{"id":34496,"date":"2024-11-18T00:20:00","date_gmt":"2024-11-17T23:20:00","guid":{"rendered":"https:\/\/www.studiogera.de\/001\/?p=34496"},"modified":"2024-11-18T00:28:15","modified_gmt":"2024-11-17T23:28:15","slug":"vu-mit-unfallflucht-in-der-strasse-des-friedens","status":"publish","type":"post","link":"https:\/\/www.studiogera.de\/001\/2024\/11\/18\/vu-mit-unfallflucht-in-der-strasse-des-friedens\/","title":{"rendered":"VU MIT UNFALLFLUCHT IN DER STRASSE DES FRIEDENS"},"content":{"rendered":"\n<p>Am Freitagabend gegen 17.15 Uhr kam es in der Stra\u00dfe des Friedens zu einem Verkehrsunfall mit mehreren besch\u00e4digten Fahrzeugen. Die Fahrzeugf\u00fchrerin eines Smarts nahm einem PKW die Vorfahrt. In der Folge kollidierten beide Fahrzeuge miteinander.<\/p>\n\n\n\n<p>Die Smart-Fahrerin fuhr anschlie\u00dfend \u00fcber eine Verkehrsinsel, besch\u00e4digte dabei ein Verkehrszeichen und kam letztlich auf einem Gr\u00fcnstreifen am Fu\u00dfweg zum Stehen. Der dort gepflanzte Jungbaum fiel durch den Aufprall auf ein drittes Fahrzeug und besch\u00e4digte dieses. Als Zeugen des Unfalls der Fahrerin zu Hilfe kommen wollten, legte diese den R\u00fcckw\u00e4rtsgang ein und fl\u00fcchtete rasant von der Unfallstelle. Trotz sofortiger Fahndungsma\u00dfnahmen konnte weder die Unfallfahrerin noch das Unfallfahrzeug festgestellt werden.<\/p>\n\n\n\n<p>Am Folgetag wurde die Polizei darauf aufmerksam, wie die vermutete Unfallverursacherin ihren zuvor inserierten Unfallwagen mit wirtschaftlichem Totalschaden an einen ausl\u00e4ndischen Autoh\u00e4ndler \u00fcbergab. Gegen die 48-j\u00e4hrige Frau wurde ein Ermittlungsverfahren wegen Unfallflucht eingeleitet. Die Polizei sucht Zeugen, die Hinweise zur Unfallflucht geben k\u00f6nnen.<\/p>\n","protected":false},"excerpt":{"rendered":"<div class=\"mh-excerpt\"><p>Am Freitagabend gegen 17.15 Uhr kam es in der Stra\u00dfe des Friedens zu einem Verkehrsunfall mit mehreren besch\u00e4digten Fahrzeugen. Die Fahrzeugf\u00fchrerin eines Smarts nahm einem PKW die Vorfahrt. In der Folge kollidierten beide Fahrzeuge miteinander. <a class=\"mh-excerpt-more\" href=\"https:\/\/www.studiogera.de\/001\/2024\/11\/18\/vu-mit-unfallflucht-in-der-strasse-des-friedens\/\" title=\"VU MIT UNFALLFLUCHT IN DER STRASSE DES FRIEDENS\">[&#8230;]<\/a><\/p>\n<\/div>","protected":false},"author":2,"featured_media":9352,"comment_status":"open","ping_status":"open","sticky":false,"template":"","format":"standard","meta":{"footnotes":""},"categories":[13],"tags":[],"class_list":{"0":"post-34496","1":"post","2":"type-post","3":"status-publish","4":"format-standard","5":"has-post-thumbnail","7":"category-polizeiberichte"},"_links":{"self":[{"href":"https:\/\/www.studiogera.de\/001\/wp-json\/wp\/v2\/posts\/34496","targetHints":{"allow":["GET"]}}],"collection":[{"href":"https:\/\/www.studiogera.de\/001\/wp-json\/wp\/v2\/posts"}],"about":[{"href":"https:\/\/www.studiogera.de\/001\/wp-json\/wp\/v2\/types\/post"}],"author":[{"embeddable":true,"href":"https:\/\/www.studiogera.de\/001\/wp-json\/wp\/v2\/users\/2"}],"replies":[{"embeddable":true,"href":"https:\/\/www.studiogera.de\/001\/wp-json\/wp\/v2\/comments?post=34496"}],"version-history":[{"count":1,"href":"https:\/\/www.studiogera.de\/001\/wp-json\/wp\/v2\/posts\/34496\/revisions"}],"predecessor-version":[{"id":34497,"href":"https:\/\/www.studiogera.de\/001\/wp-json\/wp\/v2\/posts\/34496\/revisions\/34497"}],"wp:featuredmedia":[{"embeddable":true,"href":"https:\/\/www.studiogera.de\/001\/wp-json\/wp\/v2\/media\/9352"}],"wp:attachment":[{"href":"https:\/\/www.studiogera.de\/001\/wp-json\/wp\/v2\/media?parent=34496"}],"wp:term":[{"taxonomy":"category","embeddable":true,"href":"https:\/\/www.studiogera.de\/001\/wp-json\/wp\/v2\/categories?post=34496"},{"taxonomy":"post_tag","embeddable":true,"href":"https:\/\/www.studiogera.de\/001\/wp-json\/wp\/v2\/tags?post=34496"}],"curies":[{"name":"wp","href":"https:\/\/api.w.org\/{rel}","templated":true}]}}