{"id":34498,"date":"2024-11-18T00:24:52","date_gmt":"2024-11-17T23:24:52","guid":{"rendered":"https:\/\/www.studiogera.de\/001\/?p=34498"},"modified":"2024-11-18T00:24:53","modified_gmt":"2024-11-17T23:24:53","slug":"jungen-raeuber-in-lusan-festgenommen","status":"publish","type":"post","link":"https:\/\/www.studiogera.de\/001\/2024\/11\/18\/jungen-raeuber-in-lusan-festgenommen\/","title":{"rendered":"JUNGEN R\u00c4UBER IN LUSAN FESTGENOMMEN"},"content":{"rendered":"\n<p>Am 16. November 2024 kam es kurz nach Mitternacht zu einem Raub in Lusan. Ein polizeibekannter 17- J\u00e4hriger schlug dabei einer an der Bahnhaltestelle sitzenden Frau unvermittelt ins Gesicht und entriss ihr anschlie\u00dfend ihr Telefon. Auch sein Begleiter griff die Frau k\u00f6rperlich an, als diese um Hilfe rufen wollte.<\/p>\n\n\n\n<p>Einer der beiden T\u00e4ter fl\u00fcchtete noch vor Eintreffen der Polizei; der Hauptt\u00e4ter konnte festgenommen werden. Bereits zwei Tage zuvor hatte dieser in einem Supermarkt in Gera bei einem r\u00e4uberischen Diebstahl unter Anwendung von Gewalt einen Ladendetektiv verletzt. Gegen den 17-J\u00e4hrigen wird nun wegen r\u00e4uberischen Diebstahls und Raub ermittelt und dieser einem Haftrichter vorgef\u00fchrt.<\/p>\n","protected":false},"excerpt":{"rendered":"<div class=\"mh-excerpt\"><p>Am 16. November 2024 kam es kurz nach Mitternacht zu einem Raub in Lusan. Ein polizeibekannter 17- J\u00e4hriger schlug dabei einer an der Bahnhaltestelle sitzenden Frau unvermittelt ins Gesicht und entriss ihr anschlie\u00dfend ihr Telefon. <a class=\"mh-excerpt-more\" href=\"https:\/\/www.studiogera.de\/001\/2024\/11\/18\/jungen-raeuber-in-lusan-festgenommen\/\" title=\"JUNGEN R\u00c4UBER IN LUSAN FESTGENOMMEN\">[&#8230;]<\/a><\/p>\n<\/div>","protected":false},"author":2,"featured_media":33258,"comment_status":"open","ping_status":"open","sticky":false,"template":"","format":"standard","meta":{"footnotes":""},"categories":[13],"tags":[],"class_list":{"0":"post-34498","1":"post","2":"type-post","3":"status-publish","4":"format-standard","5":"has-post-thumbnail","7":"category-polizeiberichte"},"_links":{"self":[{"href":"https:\/\/www.studiogera.de\/001\/wp-json\/wp\/v2\/posts\/34498","targetHints":{"allow":["GET"]}}],"collection":[{"href":"https:\/\/www.studiogera.de\/001\/wp-json\/wp\/v2\/posts"}],"about":[{"href":"https:\/\/www.studiogera.de\/001\/wp-json\/wp\/v2\/types\/post"}],"author":[{"embeddable":true,"href":"https:\/\/www.studiogera.de\/001\/wp-json\/wp\/v2\/users\/2"}],"replies":[{"embeddable":true,"href":"https:\/\/www.studiogera.de\/001\/wp-json\/wp\/v2\/comments?post=34498"}],"version-history":[{"count":1,"href":"https:\/\/www.studiogera.de\/001\/wp-json\/wp\/v2\/posts\/34498\/revisions"}],"predecessor-version":[{"id":34499,"href":"https:\/\/www.studiogera.de\/001\/wp-json\/wp\/v2\/posts\/34498\/revisions\/34499"}],"wp:featuredmedia":[{"embeddable":true,"href":"https:\/\/www.studiogera.de\/001\/wp-json\/wp\/v2\/media\/33258"}],"wp:attachment":[{"href":"https:\/\/www.studiogera.de\/001\/wp-json\/wp\/v2\/media?parent=34498"}],"wp:term":[{"taxonomy":"category","embeddable":true,"href":"https:\/\/www.studiogera.de\/001\/wp-json\/wp\/v2\/categories?post=34498"},{"taxonomy":"post_tag","embeddable":true,"href":"https:\/\/www.studiogera.de\/001\/wp-json\/wp\/v2\/tags?post=34498"}],"curies":[{"name":"wp","href":"https:\/\/api.w.org\/{rel}","templated":true}]}}