{"id":34500,"date":"2024-11-19T00:18:38","date_gmt":"2024-11-18T23:18:38","guid":{"rendered":"https:\/\/www.studiogera.de\/001\/?p=34500"},"modified":"2024-11-19T00:18:39","modified_gmt":"2024-11-18T23:18:39","slug":"seniorenbeirat-konstituiert-sich","status":"publish","type":"post","link":"https:\/\/www.studiogera.de\/001\/2024\/11\/19\/seniorenbeirat-konstituiert-sich\/","title":{"rendered":"SENIORENBEIRAT KONSTITUIERT SICH"},"content":{"rendered":"\n<p>Am 8. November 2024 fand die konstituierende Sitzung des neu gew\u00e4hlten Seniorenbeirates der Stadt Gera statt. Die vom Stadtrat gew\u00e4hlten Mitglieder traten ihr Ehrenamt an, um die Interessen der \u00e4lteren Menschen in der Stadt zu vertreten und in den politisch-administrativen Prozess einzubringen.&nbsp;<\/p>\n\n\n\n<p>Zum Vorsitzenden des Seniorenbeirates wurde Hartmut Straa\u00df mit den Stellvertretenden&nbsp; Kerstin Paulick,&nbsp; Ralf H. R\u00fcckert und Petra Christoph gew\u00e4hlt. Dar\u00fcber hinaus wurden s\u00e4mtliche beratende Mitglieder und Vertreterinnen sowie Vertreter f\u00fcr die Fachaussch\u00fcsse des Stadtrates, deren Beir\u00e4te der Arbeitsgemeinschaften und Netzwerke bestimmt.<\/p>\n\n\n\n<p>Der Seniorenbeirat wurde auf der Grundlage der Satzung \u00fcber die Mitwirkung von Seniorinnen und Senioren in der Stadt Gera vom 16. Oktober 2020 gew\u00e4hlt und setzt sich aus Vertreterinnen und Vertretern von Seniorenorganisationen zusammen.<\/p>\n\n\n\n<p>\u201eSeniorenorganisationen im Sinne dieses Gesetzes sind die in Th\u00fcringen t\u00e4tigen Vereine, Verb\u00e4nde und Vereinigungen, welche die sozialen, kulturellen, gesundheitlichen, wirtschaftlichen, sportlichen oder sonstigen Interessen der Senioren wahrnehmen.\u201c (Th\u00fcrSen-MitwBetG vom 10. Oktober 2019, Paragraph 2, Absatz 2) Darunter z\u00e4hlen auch die in der LIGA der Freien Wohlfahrtspflege vertretenen Organisationen. Jede berechtigte Seniorenorganisation konnte bis zu zwei Vertreter sowie einen Stellvertreter vorschlagen. Voraussetzung f\u00fcr die Mitgliedschaft ist, dass die Personen B\u00fcrgerinnen und B\u00fcrger der Stadt Gera sind und das 60. Lebensjahr vollendet haben.<\/p>\n\n\n\n<p>QUELLE: STADTVERWALTUNG<\/p>\n","protected":false},"excerpt":{"rendered":"<div class=\"mh-excerpt\"><p>Am 8. November 2024 fand die konstituierende Sitzung des neu gew\u00e4hlten Seniorenbeirates der Stadt Gera statt. Die vom Stadtrat gew\u00e4hlten Mitglieder traten ihr Ehrenamt an, um die Interessen der \u00e4lteren Menschen in der Stadt zu <a class=\"mh-excerpt-more\" href=\"https:\/\/www.studiogera.de\/001\/2024\/11\/19\/seniorenbeirat-konstituiert-sich\/\" title=\"SENIORENBEIRAT KONSTITUIERT SICH\">[&#8230;]<\/a><\/p>\n<\/div>","protected":false},"author":2,"featured_media":34501,"comment_status":"open","ping_status":"open","sticky":false,"template":"","format":"standard","meta":{"footnotes":""},"categories":[3],"tags":[],"class_list":{"0":"post-34500","1":"post","2":"type-post","3":"status-publish","4":"format-standard","5":"has-post-thumbnail","7":"category-lokal"},"_links":{"self":[{"href":"https:\/\/www.studiogera.de\/001\/wp-json\/wp\/v2\/posts\/34500","targetHints":{"allow":["GET"]}}],"collection":[{"href":"https:\/\/www.studiogera.de\/001\/wp-json\/wp\/v2\/posts"}],"about":[{"href":"https:\/\/www.studiogera.de\/001\/wp-json\/wp\/v2\/types\/post"}],"author":[{"embeddable":true,"href":"https:\/\/www.studiogera.de\/001\/wp-json\/wp\/v2\/users\/2"}],"replies":[{"embeddable":true,"href":"https:\/\/www.studiogera.de\/001\/wp-json\/wp\/v2\/comments?post=34500"}],"version-history":[{"count":1,"href":"https:\/\/www.studiogera.de\/001\/wp-json\/wp\/v2\/posts\/34500\/revisions"}],"predecessor-version":[{"id":34502,"href":"https:\/\/www.studiogera.de\/001\/wp-json\/wp\/v2\/posts\/34500\/revisions\/34502"}],"wp:featuredmedia":[{"embeddable":true,"href":"https:\/\/www.studiogera.de\/001\/wp-json\/wp\/v2\/media\/34501"}],"wp:attachment":[{"href":"https:\/\/www.studiogera.de\/001\/wp-json\/wp\/v2\/media?parent=34500"}],"wp:term":[{"taxonomy":"category","embeddable":true,"href":"https:\/\/www.studiogera.de\/001\/wp-json\/wp\/v2\/categories?post=34500"},{"taxonomy":"post_tag","embeddable":true,"href":"https:\/\/www.studiogera.de\/001\/wp-json\/wp\/v2\/tags?post=34500"}],"curies":[{"name":"wp","href":"https:\/\/api.w.org\/{rel}","templated":true}]}}