{"id":34506,"date":"2024-11-19T00:38:46","date_gmt":"2024-11-18T23:38:46","guid":{"rendered":"https:\/\/www.studiogera.de\/001\/?p=34506"},"modified":"2024-11-19T00:38:47","modified_gmt":"2024-11-18T23:38:47","slug":"brennende-sauna-in-naulitz","status":"publish","type":"post","link":"https:\/\/www.studiogera.de\/001\/2024\/11\/19\/brennende-sauna-in-naulitz\/","title":{"rendered":"BRENNENDE SAUNA IN NAULITZ"},"content":{"rendered":"\n<p>Eine in Flammen stehende Sauna auf einem Privatgrundst\u00fcck lie\u00df am 17. November 2024 gegen 20.30 Uhr Feuerwehr und Polizei nach Naulitz ausr\u00fccken. Unverz\u00fcglich nach Eintreffen leitete die Feuerwehr die L\u00f6schma\u00dfnahmen ein, denn die Sauna stand in Vollbrand. Zum Gl\u00fcck befanden sich keine Personen darin. Warum die Sauna in Brand geriet, ist derzeit noch unklar. Sch\u00e4tzungen zufolge entstand ein Schaden in f\u00fcnfstelliger H\u00f6he. Die PI in Gera \u00fcbernahm die Ermittlungen zur Brandursache.<\/p>\n","protected":false},"excerpt":{"rendered":"<div class=\"mh-excerpt\"><p>Eine in Flammen stehende Sauna auf einem Privatgrundst\u00fcck lie\u00df am 17. November 2024 gegen 20.30 Uhr Feuerwehr und Polizei nach Naulitz ausr\u00fccken. Unverz\u00fcglich nach Eintreffen leitete die Feuerwehr die L\u00f6schma\u00dfnahmen ein, denn die Sauna stand <a class=\"mh-excerpt-more\" href=\"https:\/\/www.studiogera.de\/001\/2024\/11\/19\/brennende-sauna-in-naulitz\/\" title=\"BRENNENDE SAUNA IN NAULITZ\">[&#8230;]<\/a><\/p>\n<\/div>","protected":false},"author":2,"featured_media":9362,"comment_status":"open","ping_status":"open","sticky":false,"template":"","format":"standard","meta":{"footnotes":""},"categories":[13],"tags":[],"class_list":{"0":"post-34506","1":"post","2":"type-post","3":"status-publish","4":"format-standard","5":"has-post-thumbnail","7":"category-polizeiberichte"},"_links":{"self":[{"href":"https:\/\/www.studiogera.de\/001\/wp-json\/wp\/v2\/posts\/34506","targetHints":{"allow":["GET"]}}],"collection":[{"href":"https:\/\/www.studiogera.de\/001\/wp-json\/wp\/v2\/posts"}],"about":[{"href":"https:\/\/www.studiogera.de\/001\/wp-json\/wp\/v2\/types\/post"}],"author":[{"embeddable":true,"href":"https:\/\/www.studiogera.de\/001\/wp-json\/wp\/v2\/users\/2"}],"replies":[{"embeddable":true,"href":"https:\/\/www.studiogera.de\/001\/wp-json\/wp\/v2\/comments?post=34506"}],"version-history":[{"count":1,"href":"https:\/\/www.studiogera.de\/001\/wp-json\/wp\/v2\/posts\/34506\/revisions"}],"predecessor-version":[{"id":34507,"href":"https:\/\/www.studiogera.de\/001\/wp-json\/wp\/v2\/posts\/34506\/revisions\/34507"}],"wp:featuredmedia":[{"embeddable":true,"href":"https:\/\/www.studiogera.de\/001\/wp-json\/wp\/v2\/media\/9362"}],"wp:attachment":[{"href":"https:\/\/www.studiogera.de\/001\/wp-json\/wp\/v2\/media?parent=34506"}],"wp:term":[{"taxonomy":"category","embeddable":true,"href":"https:\/\/www.studiogera.de\/001\/wp-json\/wp\/v2\/categories?post=34506"},{"taxonomy":"post_tag","embeddable":true,"href":"https:\/\/www.studiogera.de\/001\/wp-json\/wp\/v2\/tags?post=34506"}],"curies":[{"name":"wp","href":"https:\/\/api.w.org\/{rel}","templated":true}]}}