{"id":34516,"date":"2024-11-19T01:31:19","date_gmt":"2024-11-19T00:31:19","guid":{"rendered":"https:\/\/www.studiogera.de\/001\/?p=34516"},"modified":"2024-11-19T01:31:20","modified_gmt":"2024-11-19T00:31:20","slug":"tierpark-loewen-werden-fuenf-jahre-alt","status":"publish","type":"post","link":"https:\/\/www.studiogera.de\/001\/2024\/11\/19\/tierpark-loewen-werden-fuenf-jahre-alt\/","title":{"rendered":"TIERPARK-L\u00d6WEN WERDEN F\u00dcNF JAHRE ALT"},"content":{"rendered":"\n<p>Der Geraer Tierpark feiert am 19. November 2024 den f\u00fcnften Geburtstag der L\u00f6wen Mufassa, Mali und Sari, die im April 2021 im Alter von nur f\u00fcnf Monaten in den Martinsgrund kamen. Seither haben sich die drei Geschwister von Jungtieren zu starken, pubertierenden Jungerwachsenen entwickelt. Das zeigt sich zum einen deutlich sichtbar an ihrer Gr\u00f6\u00dfe aber auch an markanten Merkmalen wie Mufassas M\u00e4hne und an dem vollt\u00f6nenden Gebr\u00fcll, welches bei guter Windrichtung \u00fcber ganz Gera zu h\u00f6ren ist. Anl\u00e4sslich des Jubil\u00e4ums d\u00fcrfen sich die drei L\u00f6wen auch auf ein besonderes Geburtstagsmahl freuen: Zur F\u00fctterung sind am morgigen Dienstag die Tierpaten eingeladen, um diesen besonderen Tag gemeinsam mit ihren Sch\u00fctzlingen zu begehen.<\/p>\n\n\n\n<p>In den vergangenen drei Jahren haben sich aber nicht nur die L\u00f6wen ver\u00e4ndert, sondern auch ihr Gehege im Martinsgrund. M\u00f6glich wurden all diese Ma\u00dfnahmen nur durch die Spendenbereitschaft der B\u00fcrgerinnen und B\u00fcrger, die insgesamt \u00fcber 60&#8217;000 Euro f\u00fcr das Projekt gaben, um den Umbau der Anlage zu finanzieren. Nach dem Ableben der Leopardin Orpha wurden die beiden benachbarten Gehege zusammengelegt, sodass die L\u00f6wen seit September 2023 \u00fcber doppelt so viel Platz verf\u00fcgen wie zuvor. Zudem fanden umfassende Sanierungsarbeiten im Inneren statt. So wurden unter anderem die alten Liegebretter und Kratzst\u00e4mme im Haus und auf den Au\u00dfenanlagen entfernt, eine Fu\u00dfbodenheizung verlegt, ein Aufbau f\u00fcr zwei W\u00e4rmeplatten errichtet, beheizbare Tr\u00e4nken installiert sowie eine neue Bodenplatte gegossen. Zu den weiteren Ma\u00dfnahmen geh\u00f6ren auch neue Verblendungen bei T\u00fcren und Schiebern, die Verlegung von Wasser- und Stromleitungen auf der Au\u00dfenanlage sowie die Stabilisierung des Unterbaus der Innengehege. Hierf\u00fcr wurden neue W\u00e4nde eingezogen, was bereits im Rahmen des Bundeswehreinsatzes im September 2022 erfolgte.<\/p>\n\n\n\n<p>Eine weitere Neuerung in der L\u00f6wenanlage wurde erst vor wenigen Tagen fertiggestellt: In die Anlage wurde ein gro\u00dfes Au\u00dfentor eingebaut, das den Tierpflegerinnen und Tierpflegern die die Arbeit im Gehege erleichtern soll. So k\u00f6nnen diese beispielsweise bei dem wiederkehrenden Sandaustausch oder auch beim Reinigen der Anlage das neue Tor nutzen, was nicht nur die Arbeitsabl\u00e4ufe erleichtert, sondern auch f\u00fcr die Tiere weniger Stress bedeutet.<\/p>\n\n\n\n<p>QUELLE: STADTVERWALTUNG<\/p>\n","protected":false},"excerpt":{"rendered":"<div class=\"mh-excerpt\"><p>Der Geraer Tierpark feiert am 19. November 2024 den f\u00fcnften Geburtstag der L\u00f6wen Mufassa, Mali und Sari, die im April 2021 im Alter von nur f\u00fcnf Monaten in den Martinsgrund kamen. Seither haben sich die <a class=\"mh-excerpt-more\" href=\"https:\/\/www.studiogera.de\/001\/2024\/11\/19\/tierpark-loewen-werden-fuenf-jahre-alt\/\" title=\"TIERPARK-L\u00d6WEN WERDEN F\u00dcNF JAHRE ALT\">[&#8230;]<\/a><\/p>\n<\/div>","protected":false},"author":2,"featured_media":14815,"comment_status":"open","ping_status":"open","sticky":false,"template":"","format":"standard","meta":{"footnotes":""},"categories":[8],"tags":[],"class_list":{"0":"post-34516","1":"post","2":"type-post","3":"status-publish","4":"format-standard","5":"has-post-thumbnail","7":"category-kultur"},"_links":{"self":[{"href":"https:\/\/www.studiogera.de\/001\/wp-json\/wp\/v2\/posts\/34516","targetHints":{"allow":["GET"]}}],"collection":[{"href":"https:\/\/www.studiogera.de\/001\/wp-json\/wp\/v2\/posts"}],"about":[{"href":"https:\/\/www.studiogera.de\/001\/wp-json\/wp\/v2\/types\/post"}],"author":[{"embeddable":true,"href":"https:\/\/www.studiogera.de\/001\/wp-json\/wp\/v2\/users\/2"}],"replies":[{"embeddable":true,"href":"https:\/\/www.studiogera.de\/001\/wp-json\/wp\/v2\/comments?post=34516"}],"version-history":[{"count":1,"href":"https:\/\/www.studiogera.de\/001\/wp-json\/wp\/v2\/posts\/34516\/revisions"}],"predecessor-version":[{"id":34517,"href":"https:\/\/www.studiogera.de\/001\/wp-json\/wp\/v2\/posts\/34516\/revisions\/34517"}],"wp:featuredmedia":[{"embeddable":true,"href":"https:\/\/www.studiogera.de\/001\/wp-json\/wp\/v2\/media\/14815"}],"wp:attachment":[{"href":"https:\/\/www.studiogera.de\/001\/wp-json\/wp\/v2\/media?parent=34516"}],"wp:term":[{"taxonomy":"category","embeddable":true,"href":"https:\/\/www.studiogera.de\/001\/wp-json\/wp\/v2\/categories?post=34516"},{"taxonomy":"post_tag","embeddable":true,"href":"https:\/\/www.studiogera.de\/001\/wp-json\/wp\/v2\/tags?post=34516"}],"curies":[{"name":"wp","href":"https:\/\/api.w.org\/{rel}","templated":true}]}}