{"id":34527,"date":"2024-11-20T11:06:28","date_gmt":"2024-11-20T10:06:28","guid":{"rendered":"https:\/\/www.studiogera.de\/001\/?p=34527"},"modified":"2024-11-21T10:29:54","modified_gmt":"2024-11-21T09:29:54","slug":"schutz-der-naturraeume-entlang-der-weissen-elster","status":"publish","type":"post","link":"https:\/\/www.studiogera.de\/001\/2024\/11\/20\/schutz-der-naturraeume-entlang-der-weissen-elster\/","title":{"rendered":"SCHUTZ DER NATURR\u00c4UME ENTLANG DER WEISSEN ELSTER"},"content":{"rendered":"\n<p>Der Arbeitskreis Hallesche Auenw\u00e4lder zu Halle\/Saale e. V. h\u00e4lt einen verst\u00e4rkten Schutz der Landschafts- und Naturr\u00e4ume zwischen Gera und Zeitz f\u00fcr dringend geboten. Im Rahmen dieser r\u00e4umlich, fachlich-inhaltlich und organisatorisch umfassenden ehrenamtlichen T\u00e4tigkeit will der Verein seine Aktivit\u00e4ten auf die rund 30 Kilometer lange Wei\u00dfe Elster zwischen den St\u00e4dten Gera und Zeitz intensivieren. Dabei bilden der Erhalt, der Schutz und die Entwicklung weiterer Abschnitte zu naturnahen Natur- und Landschaftsr\u00e4umen, die Erweiterung von Hochwasserr\u00e4umen, die m\u00f6gliche Wiederanbindung von Altverl\u00e4ufen und eines umwelt- und naturvertr\u00e4glichen Tourismuskonzeptes, die Entwicklung eines breitgef\u00e4cherten Umweltbildungskonzeptes sowie die Unterst\u00fctzung des Vorhabens der Ausweisung gro\u00dfer Teile des Gebietes der Wei\u00dfen Elster ab Gera, \u00fcber Markkleeberg, Leipzig, den angrenzenden Landkreisen bis nach Halle (Saale) zur Ausweisung zum UNESCO-Weltkulturerbe, die ersten Arbeitshauptschwerpunkte.<\/p>\n\n\n\n<div data-wp-interactive=\"core\/file\" class=\"wp-block-file\"><object data-wp-bind--hidden=\"!state.hasPdfPreview\" hidden class=\"wp-block-file__embed\" data=\"https:\/\/www.studiogera.de\/001\/wp-content\/uploads\/2024\/11\/DOKUMENT_AHA_001.pdf\" type=\"application\/pdf\" style=\"width:100%;height:600px\" aria-label=\"Einbettung von DOKUMENT_AHA_001.\"><\/object><a id=\"wp-block-file--media-bfa06218-6367-4d08-87a7-d62538f97e9a\" href=\"https:\/\/www.studiogera.de\/001\/wp-content\/uploads\/2024\/11\/DOKUMENT_AHA_001.pdf\">DOKUMENT_AHA_001<\/a><a href=\"https:\/\/www.studiogera.de\/001\/wp-content\/uploads\/2024\/11\/DOKUMENT_AHA_001.pdf\" class=\"wp-block-file__button wp-element-button\" download aria-describedby=\"wp-block-file--media-bfa06218-6367-4d08-87a7-d62538f97e9a\">Herunterladen<\/a><\/div>\n\n\n\n<p>Perspektivisch erachtet es der Verein als sinnvoll, die Gebiete \u00fcber Gera, Greiz und Plauen bis ins Erzgebirge nach Tschechien ins Quellgebiet auszuweiten. Ein- und angebunden dazu ist das l\u00e4nder\u00fcbergreifende, arten- und strukturreiche, vielf\u00e4ltige Waldgebiet Zeitzer Forst zu sehen. Den Schutzcharakter unterstreichen im Freistaat Th\u00fcringen das Europ\u00e4ische Vogelschutzgebiet SPA-Gebiet DE 5038-304 mit der Landesnummer 43 \u201eZeitzer Forst\u201c mit einer Fl\u00e4che von 401,05 Hektar, einem Schutzgebiet nach der europ\u00e4ischen Fauna-Flora-Habitat-Richtlinie FFH-Gebiet 133<br>\u201eZeitzer Forst\u201c (DE 5038-304) mit einer Fl\u00e4che von 421,00 Hektar, und das 327,40 Hektar gro\u00dfe Naturschutzgebiet \u201eZeitzer Forst\u201c.<\/p>\n\n\n\n<div data-wp-interactive=\"core\/file\" class=\"wp-block-file\"><object data-wp-bind--hidden=\"!state.hasPdfPreview\" hidden class=\"wp-block-file__embed\" data=\"https:\/\/www.studiogera.de\/001\/wp-content\/uploads\/2024\/11\/DOKUMENT_AHA_002.pdf\" type=\"application\/pdf\" style=\"width:100%;height:600px\" aria-label=\"Einbettung von DOKUMENT_AHA_002.\"><\/object><a id=\"wp-block-file--media-31b70451-0175-48fc-9d9b-e8a94f6635ba\" href=\"https:\/\/www.studiogera.de\/001\/wp-content\/uploads\/2024\/11\/DOKUMENT_AHA_002.pdf\">DOKUMENT_AHA_002<\/a><a href=\"https:\/\/www.studiogera.de\/001\/wp-content\/uploads\/2024\/11\/DOKUMENT_AHA_002.pdf\" class=\"wp-block-file__button wp-element-button\" download aria-describedby=\"wp-block-file--media-31b70451-0175-48fc-9d9b-e8a94f6635ba\">Herunterladen<\/a><\/div>\n\n\n\n<p>Der Arbeitskreis Hallesche Auenw\u00e4lder zu Halle\/Saale e. V. hat au\u00dferdem eine Stellungnahme zum Planfeststellungsverfahren, Hochwasserschutz an der Wei\u00dfen Elster in Gera, Abschnitt Bahnbr\u00fccke bis Cubabr\u00fccke abgegeben.<\/p>\n\n\n\n<p>Nach Ansicht des Vereines ist es zudem wichtig, Geras Mitte im Sinne des Schutzes und der Entwicklung von Natur und Umwelt zu entwickeln. Dazu geh\u00f6ren die Entsiegelung von Bodenfl\u00e4chen, der Erhalt bestehender Gr\u00fcnbereiche und die Entwicklung des Gebietes zwischen Kultur- und Kongresszentrum Gera, Breitscheid-Stra\u00dfe und De-Smit-Stra\u00dfe zu einem \u201eZentralpark Gera\u201c mit Wiesen, Geh\u00f6lz- und Aufenthaltsbereichen. Dies tr\u00e4gt zu einer optischen Aufwertung des Stadtbildes bei und erh\u00f6ht die Strukturvielfalt in einer potentiellen \u201eGeras Gr\u00fcnen Mitte\u201c. Ferner f\u00fchrt das zur besseren Aufnahme von Niederschlagswasser und Abk\u00fchlung innerhalb des Teiles des Stadtgebietes. Zudem ist davon auszugehen, dass sich so die Qualit\u00e4t und Attraktivit\u00e4t als Aufenthaltsbereich f\u00fcr die Bev\u00f6lkerung Geras und ihrer G\u00e4ste erh\u00f6ht. Flankiert kann zudem eine Forcierung von Fassaden- und Dachbegr\u00fcnung sowie Montage von Solaranlagen auf Dachfl\u00e4chen erfolgen.<\/p>\n\n\n\n<p>Eine Einbettung in ein umfassendes Gr\u00fcn- und Biotopverbundsystem mit anderen Park- und Gr\u00fcnanlagen, der Fluss- und Auenlandschaften von Wei\u00dfer Elster, Brahme und Erlbach, Geraer Stadtwald und dem FFH-Gebiet \u201eSchluchten bei Gera und Bad K\u00f6stritz mit Rosch\u00fctzer Wald\u201c sorge daf\u00fcr, dass sich Gera gr\u00fcner und somit lebenswerter entwickele. Dies m\u00fcsse das Ziel jeglicher Stadtplanung in Gera sein, so der Verein.<\/p>\n","protected":false},"excerpt":{"rendered":"<div class=\"mh-excerpt\"><p>Der Arbeitskreis Hallesche Auenw\u00e4lder zu Halle\/Saale e. V. h\u00e4lt einen verst\u00e4rkten Schutz der Landschafts- und Naturr\u00e4ume zwischen Gera und Zeitz f\u00fcr dringend geboten. Im Rahmen dieser r\u00e4umlich, fachlich-inhaltlich und organisatorisch umfassenden ehrenamtlichen T\u00e4tigkeit will der <a class=\"mh-excerpt-more\" href=\"https:\/\/www.studiogera.de\/001\/2024\/11\/20\/schutz-der-naturraeume-entlang-der-weissen-elster\/\" title=\"SCHUTZ DER NATURR\u00c4UME ENTLANG DER WEISSEN ELSTER\">[&#8230;]<\/a><\/p>\n<\/div>","protected":false},"author":2,"featured_media":34530,"comment_status":"open","ping_status":"open","sticky":false,"template":"","format":"standard","meta":{"footnotes":""},"categories":[3],"tags":[],"class_list":{"0":"post-34527","1":"post","2":"type-post","3":"status-publish","4":"format-standard","5":"has-post-thumbnail","7":"category-lokal"},"_links":{"self":[{"href":"https:\/\/www.studiogera.de\/001\/wp-json\/wp\/v2\/posts\/34527","targetHints":{"allow":["GET"]}}],"collection":[{"href":"https:\/\/www.studiogera.de\/001\/wp-json\/wp\/v2\/posts"}],"about":[{"href":"https:\/\/www.studiogera.de\/001\/wp-json\/wp\/v2\/types\/post"}],"author":[{"embeddable":true,"href":"https:\/\/www.studiogera.de\/001\/wp-json\/wp\/v2\/users\/2"}],"replies":[{"embeddable":true,"href":"https:\/\/www.studiogera.de\/001\/wp-json\/wp\/v2\/comments?post=34527"}],"version-history":[{"count":2,"href":"https:\/\/www.studiogera.de\/001\/wp-json\/wp\/v2\/posts\/34527\/revisions"}],"predecessor-version":[{"id":34532,"href":"https:\/\/www.studiogera.de\/001\/wp-json\/wp\/v2\/posts\/34527\/revisions\/34532"}],"wp:featuredmedia":[{"embeddable":true,"href":"https:\/\/www.studiogera.de\/001\/wp-json\/wp\/v2\/media\/34530"}],"wp:attachment":[{"href":"https:\/\/www.studiogera.de\/001\/wp-json\/wp\/v2\/media?parent=34527"}],"wp:term":[{"taxonomy":"category","embeddable":true,"href":"https:\/\/www.studiogera.de\/001\/wp-json\/wp\/v2\/categories?post=34527"},{"taxonomy":"post_tag","embeddable":true,"href":"https:\/\/www.studiogera.de\/001\/wp-json\/wp\/v2\/tags?post=34527"}],"curies":[{"name":"wp","href":"https:\/\/api.w.org\/{rel}","templated":true}]}}