{"id":34535,"date":"2024-11-20T11:33:47","date_gmt":"2024-11-20T10:33:47","guid":{"rendered":"https:\/\/www.studiogera.de\/001\/?p=34535"},"modified":"2024-11-20T11:33:58","modified_gmt":"2024-11-20T10:33:58","slug":"fuenf-abgetretene-pkw-aussenspiegel-und-eine-beschaedigte-schaufensterscheibe-in-zwoetzen","status":"publish","type":"post","link":"https:\/\/www.studiogera.de\/001\/2024\/11\/20\/fuenf-abgetretene-pkw-aussenspiegel-und-eine-beschaedigte-schaufensterscheibe-in-zwoetzen\/","title":{"rendered":"F\u00dcNF ABGETRETENE PKW-AUSSENSPIEGEL UND EINE BESCH\u00c4DIGTE SCHAUFENSTERSCHEIBE IN ZW\u00d6TZEN"},"content":{"rendered":"\n<p>Erneut ermittelt die Geraer Polizei zu Sachbesch\u00e4digungen an mehreren Fahrzeugen. Zeugen meldeten am 19. November 2024 in der Nacht gegen 21.45 Uhr, wie eine m\u00e4nnliche Person aus einer Gruppe heraus in der Pfarrstra\u00dfe den rechten Au\u00dfenspiegel eines Taxis abtrat. Daraufhin r\u00fcckten Polizeistreifen aus und stellten letztlich den alkoholisierten Sachbesch\u00e4diger in der Langen Stra\u00dfe. Letztlich stellte sich heraus, dass f\u00fcnf Fahrzeuge in der Pfarrstra\u00dfe besch\u00e4digt wurden. An den Fahrzeugen wurde jeweils ein Au\u00dfenspiegel besch\u00e4digt. Des Weiteren konnte eine besch\u00e4digte Schaufensterscheibe in der Langen Stra\u00dfe verzeichnet werden. Der mit \u00fcber 1,4 pro mille alkoholisierte 18-j\u00e4hrige T\u00e4ter wurde in Unterbindungsgewahrsam genommen. Ihn erwartet ein entsprechendes Ermittlungsverfahren. Zeugen, welche Hinweise zur Tat bzw. den Begleitern des 18-J\u00e4hrigen geben k\u00f6nnen, werden gebeten, sich unter der Rufnummer +493658290 bei der Geraer Polizei zu melden. Am Telefon ist die Bezugsnummer 0299921\/2024 anzugeben.<\/p>\n","protected":false},"excerpt":{"rendered":"<div class=\"mh-excerpt\"><p>Erneut ermittelt die Geraer Polizei zu Sachbesch\u00e4digungen an mehreren Fahrzeugen. Zeugen meldeten am 19. November 2024 in der Nacht gegen 21.45 Uhr, wie eine m\u00e4nnliche Person aus einer Gruppe heraus in der Pfarrstra\u00dfe den rechten <a class=\"mh-excerpt-more\" href=\"https:\/\/www.studiogera.de\/001\/2024\/11\/20\/fuenf-abgetretene-pkw-aussenspiegel-und-eine-beschaedigte-schaufensterscheibe-in-zwoetzen\/\" title=\"F\u00dcNF ABGETRETENE PKW-AUSSENSPIEGEL UND EINE BESCH\u00c4DIGTE SCHAUFENSTERSCHEIBE IN ZW\u00d6TZEN\">[&#8230;]<\/a><\/p>\n<\/div>","protected":false},"author":2,"featured_media":9353,"comment_status":"open","ping_status":"open","sticky":false,"template":"","format":"standard","meta":{"footnotes":""},"categories":[13],"tags":[],"class_list":{"0":"post-34535","1":"post","2":"type-post","3":"status-publish","4":"format-standard","5":"has-post-thumbnail","7":"category-polizeiberichte"},"_links":{"self":[{"href":"https:\/\/www.studiogera.de\/001\/wp-json\/wp\/v2\/posts\/34535","targetHints":{"allow":["GET"]}}],"collection":[{"href":"https:\/\/www.studiogera.de\/001\/wp-json\/wp\/v2\/posts"}],"about":[{"href":"https:\/\/www.studiogera.de\/001\/wp-json\/wp\/v2\/types\/post"}],"author":[{"embeddable":true,"href":"https:\/\/www.studiogera.de\/001\/wp-json\/wp\/v2\/users\/2"}],"replies":[{"embeddable":true,"href":"https:\/\/www.studiogera.de\/001\/wp-json\/wp\/v2\/comments?post=34535"}],"version-history":[{"count":1,"href":"https:\/\/www.studiogera.de\/001\/wp-json\/wp\/v2\/posts\/34535\/revisions"}],"predecessor-version":[{"id":34536,"href":"https:\/\/www.studiogera.de\/001\/wp-json\/wp\/v2\/posts\/34535\/revisions\/34536"}],"wp:featuredmedia":[{"embeddable":true,"href":"https:\/\/www.studiogera.de\/001\/wp-json\/wp\/v2\/media\/9353"}],"wp:attachment":[{"href":"https:\/\/www.studiogera.de\/001\/wp-json\/wp\/v2\/media?parent=34535"}],"wp:term":[{"taxonomy":"category","embeddable":true,"href":"https:\/\/www.studiogera.de\/001\/wp-json\/wp\/v2\/categories?post=34535"},{"taxonomy":"post_tag","embeddable":true,"href":"https:\/\/www.studiogera.de\/001\/wp-json\/wp\/v2\/tags?post=34535"}],"curies":[{"name":"wp","href":"https:\/\/api.w.org\/{rel}","templated":true}]}}