{"id":34551,"date":"2024-11-21T11:16:00","date_gmt":"2024-11-21T10:16:00","guid":{"rendered":"https:\/\/www.studiogera.de\/001\/?p=34551"},"modified":"2024-11-21T11:16:02","modified_gmt":"2024-11-21T10:16:02","slug":"vortrag-ueber-den-weinanbau-in-der-herrschaft-gera","status":"publish","type":"post","link":"https:\/\/www.studiogera.de\/001\/2024\/11\/21\/vortrag-ueber-den-weinanbau-in-der-herrschaft-gera\/","title":{"rendered":"VORTRAG \u00dcBER DEN WEINANBAU IN DER HERRSCHAFT GERA"},"content":{"rendered":"\n<p>\u201eIn Reu\u00df da presst man Trauben aus und denkt, es w\u00fcrde Wein daraus\u201c, hei\u00dft es in einem alten Studentenlied. Am Donnerstag, den 28. November 2024, l\u00e4dt das Stadtmuseum um 14 Uhr zu einem spannenden Vortrag \u00fcber den Weinanbau in Gera ein. Geboten wird ein kurzer \u00dcberblick \u00fcber die Geschichte des Weinanbaus, erg\u00e4nzt durch Informationen dar\u00fcber, wo in und um Gera Wein angebaut wurde und welche Sorten bevorzugt waren. Zudem werden interessante Einblicke in die Ernteertr\u00e4ge, historische Hofhaltungsrechnungen und die Fronarbeit der Bauern auf den Weinbergen der Herrschaft Gera gegeben. Abschlie\u00dfend wird die Frage behandelt: \u201eWarum blieb Gera kein Weinanbaugebiet, sondern setzte auf die Bierproduktion?\u201c<\/p>\n\n\n\n<p>QUELLE: STADTVERWALTUNG<\/p>\n","protected":false},"excerpt":{"rendered":"<div class=\"mh-excerpt\"><p>\u201eIn Reu\u00df da presst man Trauben aus und denkt, es w\u00fcrde Wein daraus\u201c, hei\u00dft es in einem alten Studentenlied. Am Donnerstag, den 28. November 2024, l\u00e4dt das Stadtmuseum um 14 Uhr zu einem spannenden Vortrag <a class=\"mh-excerpt-more\" href=\"https:\/\/www.studiogera.de\/001\/2024\/11\/21\/vortrag-ueber-den-weinanbau-in-der-herrschaft-gera\/\" title=\"VORTRAG \u00dcBER DEN WEINANBAU IN DER HERRSCHAFT GERA\">[&#8230;]<\/a><\/p>\n<\/div>","protected":false},"author":2,"featured_media":31358,"comment_status":"open","ping_status":"open","sticky":false,"template":"","format":"standard","meta":{"footnotes":""},"categories":[8],"tags":[],"class_list":{"0":"post-34551","1":"post","2":"type-post","3":"status-publish","4":"format-standard","5":"has-post-thumbnail","7":"category-kultur"},"_links":{"self":[{"href":"https:\/\/www.studiogera.de\/001\/wp-json\/wp\/v2\/posts\/34551","targetHints":{"allow":["GET"]}}],"collection":[{"href":"https:\/\/www.studiogera.de\/001\/wp-json\/wp\/v2\/posts"}],"about":[{"href":"https:\/\/www.studiogera.de\/001\/wp-json\/wp\/v2\/types\/post"}],"author":[{"embeddable":true,"href":"https:\/\/www.studiogera.de\/001\/wp-json\/wp\/v2\/users\/2"}],"replies":[{"embeddable":true,"href":"https:\/\/www.studiogera.de\/001\/wp-json\/wp\/v2\/comments?post=34551"}],"version-history":[{"count":1,"href":"https:\/\/www.studiogera.de\/001\/wp-json\/wp\/v2\/posts\/34551\/revisions"}],"predecessor-version":[{"id":34552,"href":"https:\/\/www.studiogera.de\/001\/wp-json\/wp\/v2\/posts\/34551\/revisions\/34552"}],"wp:featuredmedia":[{"embeddable":true,"href":"https:\/\/www.studiogera.de\/001\/wp-json\/wp\/v2\/media\/31358"}],"wp:attachment":[{"href":"https:\/\/www.studiogera.de\/001\/wp-json\/wp\/v2\/media?parent=34551"}],"wp:term":[{"taxonomy":"category","embeddable":true,"href":"https:\/\/www.studiogera.de\/001\/wp-json\/wp\/v2\/categories?post=34551"},{"taxonomy":"post_tag","embeddable":true,"href":"https:\/\/www.studiogera.de\/001\/wp-json\/wp\/v2\/tags?post=34551"}],"curies":[{"name":"wp","href":"https:\/\/api.w.org\/{rel}","templated":true}]}}