{"id":34553,"date":"2024-11-21T11:27:11","date_gmt":"2024-11-21T10:27:11","guid":{"rendered":"https:\/\/www.studiogera.de\/001\/?p=34553"},"modified":"2024-11-21T11:27:12","modified_gmt":"2024-11-21T10:27:12","slug":"stadtarchiv-erhaelt-schenkung-von-geraer-kuenstlern","status":"publish","type":"post","link":"https:\/\/www.studiogera.de\/001\/2024\/11\/21\/stadtarchiv-erhaelt-schenkung-von-geraer-kuenstlern\/","title":{"rendered":"STADTARCHIV ERH\u00c4LT SCHENKUNG VON GERAER K\u00dcNSTLERN"},"content":{"rendered":"\n<p>Die Geraer K\u00fcnstler Barbara Toch und Wolfgang Schwarzentrub \u00fcberreichten dem Stadtarchiv am 19. November 2024 ihr k\u00fcrzlich erschienenes \u201eWerkbuch X\u201c. Diese Publikation enth\u00e4lt beeindruckende Abbildungen von Kunstwerken der beiden renommierten Geraer, welche \u00fcber f\u00fcnf Jahrzehnte zwischen den 1980er und 2020er Jahre entstanden sind.<\/p>\n\n\n\n<p>F\u00fcr das Stadtarchiv stellt die \u00dcbergabe des \u201eWerkbuch X\u201c einen bedeutenden Mosaikstein in der \u00dcberlieferung der zeitgen\u00f6ssischen Kunstszene der Stadt dar. Mit dem \u201eWerkbuch X\u201c werden bereits bestehende Kataloge und Bildb\u00e4nde von Frau Toch und Herrn Schwarzentrub erg\u00e4nzt, die das k\u00fcnstlerische Erbe der beiden K\u00fcnstler dokumentieren. Diese Kunstproduktion, die in st\u00e4dtischen Akten\u00fcberlieferungen oftmals kaum Erw\u00e4hnung findet, bereichert die Best\u00e4nde und erh\u00e4lt nun den geb\u00fchrenden Raum in der Erinnerungskultur der Stadt Gera.<\/p>\n\n\n\n<p>\u201eWir freuen uns sehr, dieses bedeutende Werk, das weder Katalog noch Werksverzeichnis, sondern in dieser Zusammenstellung durchaus ein eigenes Kunstwerk ist, in unsere Sammlung aufzunehmen und damit einen Teil der Geschichte der Geraer Kunst zu bewahren\u201c, so Christel G\u00e4bler, Leiterin des Stadtarchivs. Bereits in der Vergangenheit wurden Kataloge und Beitr\u00e4ge der beiden Kunstschaffenden an das Stadtarchiv \u00fcbergeben.<\/p>\n\n\n\n<p>Auf \u00fcber 500 Seiten sind Bilder-Zyklen, Skizzen und Aufzeichnungen mit dem Schwerpunkt Wismut, Gessental und Liechtenberg von Schwarzentrub und Erg\u00e4nzungen von Toch zu finden, die durch den Autor Klaus Werner Schorch in Szene gesetzt und teilweise bearbeitet wurden. Finanziert wurde das Werkbuch durch die Erfurter Bildkunststiftung.<\/p>\n\n\n\n<p>Interessierte B\u00fcrger haben k\u00fcnftig die M\u00f6glichkeit, das Werk im Lesesaal des Stadtarchivs einzusehen und sich von der Vielfalt und Kreativit\u00e4t der k\u00fcnstlerischen Arbeiten inspirieren zu lassen.<\/p>\n\n\n\n<p>QUELLE: STADTVERWALTUNG<\/p>\n","protected":false},"excerpt":{"rendered":"<div class=\"mh-excerpt\"><p>Die Geraer K\u00fcnstler Barbara Toch und Wolfgang Schwarzentrub \u00fcberreichten dem Stadtarchiv am 19. November 2024 ihr k\u00fcrzlich erschienenes \u201eWerkbuch X\u201c. Diese Publikation enth\u00e4lt beeindruckende Abbildungen von Kunstwerken der beiden renommierten Geraer, welche \u00fcber f\u00fcnf Jahrzehnte <a class=\"mh-excerpt-more\" href=\"https:\/\/www.studiogera.de\/001\/2024\/11\/21\/stadtarchiv-erhaelt-schenkung-von-geraer-kuenstlern\/\" title=\"STADTARCHIV ERH\u00c4LT SCHENKUNG VON GERAER K\u00dcNSTLERN\">[&#8230;]<\/a><\/p>\n<\/div>","protected":false},"author":2,"featured_media":34554,"comment_status":"open","ping_status":"open","sticky":false,"template":"","format":"standard","meta":{"footnotes":""},"categories":[8],"tags":[],"class_list":{"0":"post-34553","1":"post","2":"type-post","3":"status-publish","4":"format-standard","5":"has-post-thumbnail","7":"category-kultur"},"_links":{"self":[{"href":"https:\/\/www.studiogera.de\/001\/wp-json\/wp\/v2\/posts\/34553","targetHints":{"allow":["GET"]}}],"collection":[{"href":"https:\/\/www.studiogera.de\/001\/wp-json\/wp\/v2\/posts"}],"about":[{"href":"https:\/\/www.studiogera.de\/001\/wp-json\/wp\/v2\/types\/post"}],"author":[{"embeddable":true,"href":"https:\/\/www.studiogera.de\/001\/wp-json\/wp\/v2\/users\/2"}],"replies":[{"embeddable":true,"href":"https:\/\/www.studiogera.de\/001\/wp-json\/wp\/v2\/comments?post=34553"}],"version-history":[{"count":1,"href":"https:\/\/www.studiogera.de\/001\/wp-json\/wp\/v2\/posts\/34553\/revisions"}],"predecessor-version":[{"id":34555,"href":"https:\/\/www.studiogera.de\/001\/wp-json\/wp\/v2\/posts\/34553\/revisions\/34555"}],"wp:featuredmedia":[{"embeddable":true,"href":"https:\/\/www.studiogera.de\/001\/wp-json\/wp\/v2\/media\/34554"}],"wp:attachment":[{"href":"https:\/\/www.studiogera.de\/001\/wp-json\/wp\/v2\/media?parent=34553"}],"wp:term":[{"taxonomy":"category","embeddable":true,"href":"https:\/\/www.studiogera.de\/001\/wp-json\/wp\/v2\/categories?post=34553"},{"taxonomy":"post_tag","embeddable":true,"href":"https:\/\/www.studiogera.de\/001\/wp-json\/wp\/v2\/tags?post=34553"}],"curies":[{"name":"wp","href":"https:\/\/api.w.org\/{rel}","templated":true}]}}