{"id":34599,"date":"2024-11-23T17:23:24","date_gmt":"2024-11-23T16:23:24","guid":{"rendered":"https:\/\/www.studiogera.de\/001\/?p=34599"},"modified":"2024-11-23T17:23:25","modified_gmt":"2024-11-23T16:23:25","slug":"aufbau-des-weihnachtsmarktes","status":"publish","type":"post","link":"https:\/\/www.studiogera.de\/001\/2024\/11\/23\/aufbau-des-weihnachtsmarktes\/","title":{"rendered":"AUFBAU DES WEIHNACHTSMARKTES"},"content":{"rendered":"\n<p>Die meisten Buden stehen schon und erhalten derzeit ihr Innenleben. Am Samstag wurden die Arbeiten in den fr\u00fchen Morgenstunden fortgesetzt. In f\u00fcnf Tagen soll der Weihnachtsmarkt er\u00f6ffnet werden. Die Zeremonie beginnt am Donnerstag um 17 Uhr mit dem traditionellen Glockenspiel vom Rathausturm. Vor Ort sein werden der Oberb\u00fcrgermeister und der Weihnachtsmann. Die Besucher d\u00fcrfen sich auf ein gro\u00dfes Lichtspiel, ein Feuerwerk und das M\u00e4rchen \u201eHans im Gl\u00fcck\u201c freuen.<\/p>\n\n\n\n<p>Der Wochenmarkt wird in der Zeit von Dienstag, den 19. November 2024, bis einschlie\u00dflich Dienstag, den 31. Dezember 2024, auf den Zschochernplatz verlegt. Ab Donnerstag, den 2. Januar 2025, kehren die H\u00e4ndler wieder auf den Marktplatz zur\u00fcck. Der Wochenmarkt wird wie gewohnt jeden Dienstag, Donnerstag und Freitag zu den \u00fcblichen Marktzeiten abgehalten.<\/p>\n\n\n\n<figure class=\"wp-block-embed is-type-wp-embed is-provider-gera wp-block-embed-gera\"><div class=\"wp-block-embed__wrapper\">\n<blockquote class=\"wp-embedded-content\" data-secret=\"N9OSY60HHz\"><a href=\"https:\/\/www.studiogera.de\/001\/2024\/11\/09\/informationen-zum-weihnachtsmarkt\/\">INFORMATIONEN ZUM WEIHNACHTSMARKT<\/a><\/blockquote><iframe loading=\"lazy\" class=\"wp-embedded-content\" sandbox=\"allow-scripts\" security=\"restricted\" style=\"position: absolute; visibility: hidden;\" title=\"&#8222;INFORMATIONEN ZUM WEIHNACHTSMARKT&#8220; &#8212; GERA\" src=\"https:\/\/www.studiogera.de\/001\/2024\/11\/09\/informationen-zum-weihnachtsmarkt\/embed\/#?secret=XgFwkBMZrW#?secret=N9OSY60HHz\" data-secret=\"N9OSY60HHz\" width=\"500\" height=\"282\" frameborder=\"0\" marginwidth=\"0\" marginheight=\"0\" scrolling=\"no\"><\/iframe>\n<\/div><\/figure>\n","protected":false},"excerpt":{"rendered":"<div class=\"mh-excerpt\"><p>Die meisten Buden stehen schon und erhalten derzeit ihr Innenleben. Am Samstag wurden die Arbeiten in den fr\u00fchen Morgenstunden fortgesetzt. In f\u00fcnf Tagen soll der Weihnachtsmarkt er\u00f6ffnet werden. Die Zeremonie beginnt am Donnerstag um 17 <a class=\"mh-excerpt-more\" href=\"https:\/\/www.studiogera.de\/001\/2024\/11\/23\/aufbau-des-weihnachtsmarktes\/\" title=\"AUFBAU DES WEIHNACHTSMARKTES\">[&#8230;]<\/a><\/p>\n<\/div>","protected":false},"author":2,"featured_media":34600,"comment_status":"open","ping_status":"open","sticky":false,"template":"","format":"standard","meta":{"footnotes":""},"categories":[8],"tags":[],"class_list":{"0":"post-34599","1":"post","2":"type-post","3":"status-publish","4":"format-standard","5":"has-post-thumbnail","7":"category-kultur"},"_links":{"self":[{"href":"https:\/\/www.studiogera.de\/001\/wp-json\/wp\/v2\/posts\/34599","targetHints":{"allow":["GET"]}}],"collection":[{"href":"https:\/\/www.studiogera.de\/001\/wp-json\/wp\/v2\/posts"}],"about":[{"href":"https:\/\/www.studiogera.de\/001\/wp-json\/wp\/v2\/types\/post"}],"author":[{"embeddable":true,"href":"https:\/\/www.studiogera.de\/001\/wp-json\/wp\/v2\/users\/2"}],"replies":[{"embeddable":true,"href":"https:\/\/www.studiogera.de\/001\/wp-json\/wp\/v2\/comments?post=34599"}],"version-history":[{"count":1,"href":"https:\/\/www.studiogera.de\/001\/wp-json\/wp\/v2\/posts\/34599\/revisions"}],"predecessor-version":[{"id":34601,"href":"https:\/\/www.studiogera.de\/001\/wp-json\/wp\/v2\/posts\/34599\/revisions\/34601"}],"wp:featuredmedia":[{"embeddable":true,"href":"https:\/\/www.studiogera.de\/001\/wp-json\/wp\/v2\/media\/34600"}],"wp:attachment":[{"href":"https:\/\/www.studiogera.de\/001\/wp-json\/wp\/v2\/media?parent=34599"}],"wp:term":[{"taxonomy":"category","embeddable":true,"href":"https:\/\/www.studiogera.de\/001\/wp-json\/wp\/v2\/categories?post=34599"},{"taxonomy":"post_tag","embeddable":true,"href":"https:\/\/www.studiogera.de\/001\/wp-json\/wp\/v2\/tags?post=34599"}],"curies":[{"name":"wp","href":"https:\/\/api.w.org\/{rel}","templated":true}]}}