{"id":34616,"date":"2024-11-24T11:45:40","date_gmt":"2024-11-24T10:45:40","guid":{"rendered":"https:\/\/www.studiogera.de\/001\/?p=34616"},"modified":"2024-11-24T11:45:42","modified_gmt":"2024-11-24T10:45:42","slug":"neue-entwicklungen-im-ukraine-krieg-2","status":"publish","type":"post","link":"https:\/\/www.studiogera.de\/001\/2024\/11\/24\/neue-entwicklungen-im-ukraine-krieg-2\/","title":{"rendered":"NEUE ENTWICKLUNGEN IM UKRAINE-KRIEG"},"content":{"rendered":"\n<p>Berichten zufolge hat Donald Trump den Nato-Generalsekret\u00e4r Mark Rutte zu einem vertraulichen Gespr\u00e4ch eingeladen. Das Treffen fand demnach am 22. November 2024 in Trumps Anwesen in Mar-a-Lago statt. Bereits am 21. November 2024 sei Rutte mit einem niederl\u00e4ndischen Regierungsflugzeug nach Florida geflogen. \u00d6ffentlich bekannt ist nur, dass \u00fcber \u201eglobale Sicherheitsprobleme\u201c gesprochen wurde.<\/p>\n\n\n\n<p>Der Grund f\u00fcr das Treffen k\u00f6nnte die sich abzeichnende Eskalation im Ukraine-Krieg sein. Nachdem von der Ukraine aus westliche Marschflugk\u00f6rper auf Ziele in Russland abgefeuert worden waren, reagierte Russland mit einer neu entwickelten Mittelstreckenrakete. Diese war mit sechs Sprengk\u00f6pfen ausgestattet, welche in einem Vorort der ukrainischen Stadt Dnipro einschlugen. Es handelte sich der russischen Regierung zufolge um eine \u201eBotschaft an den Westen\u201d.<\/p>\n\n\n\n<p>Bundeskanzler Olaf Scholz wird dazu gedr\u00e4ngt, den Marschflugk\u00f6rper \u201eTaurus\u201d freizugeben. Damit w\u00e4re die Ukraine jedoch auch in der Lage, Moskau zu erreichen. Scholz f\u00fcrchtet, dass die russische Regierung Deutschland als Kriegspartei ansehen k\u00f6nnte, da deutsche Soldaten zur Bedienung des Systems n\u00f6tig sind. Davor warnte j\u00fcngst auch Harald Kujat, General a. D. der deutschen Luftstreitkr\u00e4fte und Vorsitzender des Nato-Milit\u00e4rausschusses von 2002 bis 2005. Mit dem Einsatz mache Deutschland den Schritt von der indirekten zur direkten Kriegsbeteiligung. Kujat f\u00fchrte in einem Videogespr\u00e4ch mit der FP\u00d6-Politikerin Marie Christine Giuliani aus, die Ukraine selbst k\u00f6nne das System \u201eTaurus\u201d nicht einsetzen. Die Planung, Vorbereitung und Durchf\u00fchrung m\u00fcsste Deutschland in die Hand nehmen.<\/p>\n","protected":false},"excerpt":{"rendered":"<div class=\"mh-excerpt\"><p>Berichten zufolge hat Donald Trump den Nato-Generalsekret\u00e4r Mark Rutte zu einem vertraulichen Gespr\u00e4ch eingeladen. Das Treffen fand demnach am 22. November 2024 in Trumps Anwesen in Mar-a-Lago statt. Bereits am 21. November 2024 sei Rutte <a class=\"mh-excerpt-more\" href=\"https:\/\/www.studiogera.de\/001\/2024\/11\/24\/neue-entwicklungen-im-ukraine-krieg-2\/\" title=\"NEUE ENTWICKLUNGEN IM UKRAINE-KRIEG\">[&#8230;]<\/a><\/p>\n<\/div>","protected":false},"author":2,"featured_media":22844,"comment_status":"open","ping_status":"open","sticky":false,"template":"","format":"standard","meta":{"footnotes":""},"categories":[2],"tags":[],"class_list":{"0":"post-34616","1":"post","2":"type-post","3":"status-publish","4":"format-standard","5":"has-post-thumbnail","7":"category-weltweit"},"_links":{"self":[{"href":"https:\/\/www.studiogera.de\/001\/wp-json\/wp\/v2\/posts\/34616","targetHints":{"allow":["GET"]}}],"collection":[{"href":"https:\/\/www.studiogera.de\/001\/wp-json\/wp\/v2\/posts"}],"about":[{"href":"https:\/\/www.studiogera.de\/001\/wp-json\/wp\/v2\/types\/post"}],"author":[{"embeddable":true,"href":"https:\/\/www.studiogera.de\/001\/wp-json\/wp\/v2\/users\/2"}],"replies":[{"embeddable":true,"href":"https:\/\/www.studiogera.de\/001\/wp-json\/wp\/v2\/comments?post=34616"}],"version-history":[{"count":2,"href":"https:\/\/www.studiogera.de\/001\/wp-json\/wp\/v2\/posts\/34616\/revisions"}],"predecessor-version":[{"id":34618,"href":"https:\/\/www.studiogera.de\/001\/wp-json\/wp\/v2\/posts\/34616\/revisions\/34618"}],"wp:featuredmedia":[{"embeddable":true,"href":"https:\/\/www.studiogera.de\/001\/wp-json\/wp\/v2\/media\/22844"}],"wp:attachment":[{"href":"https:\/\/www.studiogera.de\/001\/wp-json\/wp\/v2\/media?parent=34616"}],"wp:term":[{"taxonomy":"category","embeddable":true,"href":"https:\/\/www.studiogera.de\/001\/wp-json\/wp\/v2\/categories?post=34616"},{"taxonomy":"post_tag","embeddable":true,"href":"https:\/\/www.studiogera.de\/001\/wp-json\/wp\/v2\/tags?post=34616"}],"curies":[{"name":"wp","href":"https:\/\/api.w.org\/{rel}","templated":true}]}}