{"id":34619,"date":"2024-11-24T12:57:27","date_gmt":"2024-11-24T11:57:27","guid":{"rendered":"https:\/\/www.studiogera.de\/001\/?p=34619"},"modified":"2024-11-24T12:57:29","modified_gmt":"2024-11-24T11:57:29","slug":"dr-georg-walter-vincent-von-wiese","status":"publish","type":"post","link":"https:\/\/www.studiogera.de\/001\/2024\/11\/24\/dr-georg-walter-vincent-von-wiese\/","title":{"rendered":"DR. GEORG WALTER VINCENT VON WIESE"},"content":{"rendered":"\n<p>Eine der l\u00e4ngsten Stra\u00dfen in Gera ist die Wiesestra\u00dfe. Ihren Namen verdankt sie aber nicht der nahegelegenen Spielwiese, wie viele meinen, sondern dem ehemaligen reu\u00dfischen Staatsmann Dr. Georg Walter Vincent von Wiese. Vor 200 Jahren verstarb dieser im Alter von nur 55 Jahren.<\/p>\n\n\n\n<p>Geboren wurde von Wiese am 2. April 1769 in Rostock. Nach dem Besuch des dortigen Gymnasiums und der Universit\u00e4t ging er nach G\u00f6ttigen und setzte dort seine Ausbildung fort. Im Jahre 1793 beriefen ihn die Herren Reu\u00df j. L. nach Gera, wo er fortan als Hofrat, Konsistorialassessor und Inspektor des Rutheneums t\u00e4tig war. Kaiser Franz I. erhob Wiese im Jahre 1806 in den Adelsstand. Von 1822 bis zu seinem Tode am 22. November 1824 war Dr. Georg Walter Vincent von Wiese reu\u00dfischer Kanzler. Die Stra\u00dfe nach Debschwitz und Lusan erhielt am 23. September 1874 seinen Namen. Nach der Umbenennung am 8. November 1958 in Leninstra\u00dfe wurde der vormalige Name am 1. M\u00e4rz 1991 wieder eingef\u00fchrt.<\/p>\n\n\n\n<p>Aus Anlass der 200. Wiederkehr des Todestages des prominenten Geraer Staatsmannes erschien am 22. November 2024 die vierte diesj\u00e4hrige Ausgabe der \u201eNachrichten aus dem Stadtarchiv Gera\u201c. Der Informationsbrief ist dem Leben von Wieses sowie den von ihm ins Leben gerufenen Stiftungen, insbesondere der heute noch existierenden \u201evon Wiese-Stiftung\u201c, gewidmet. In diesem Jahr kann sie auf eine 180-j\u00e4hrige Stiftungstradition verweisen.<\/p>\n\n\n\n<p>Eingesehen werden k\u00f6nnen alle bisher erschienenen Ausgaben der \u201eNachrichten aus dem Stadtarchiv Gera\u201c \u00fcber die st\u00e4dtische Webseite \u201ewww.gera.de\/stadtarchiv\u201c. Dort sind sie unter der Rubrik \u201eNachrichten aus dem Stadtarchiv Gera\u201c zu finden.<\/p>\n","protected":false},"excerpt":{"rendered":"<div class=\"mh-excerpt\"><p>Eine der l\u00e4ngsten Stra\u00dfen in Gera ist die Wiesestra\u00dfe. Ihren Namen verdankt sie aber nicht der nahegelegenen Spielwiese, wie viele meinen, sondern dem ehemaligen reu\u00dfischen Staatsmann Dr. Georg Walter Vincent von Wiese. Vor 200 Jahren <a class=\"mh-excerpt-more\" href=\"https:\/\/www.studiogera.de\/001\/2024\/11\/24\/dr-georg-walter-vincent-von-wiese\/\" title=\"DR. GEORG WALTER VINCENT VON WIESE\">[&#8230;]<\/a><\/p>\n<\/div>","protected":false},"author":2,"featured_media":34620,"comment_status":"open","ping_status":"open","sticky":false,"template":"","format":"standard","meta":{"footnotes":""},"categories":[7],"tags":[],"class_list":{"0":"post-34619","1":"post","2":"type-post","3":"status-publish","4":"format-standard","5":"has-post-thumbnail","7":"category-regionalkunde"},"_links":{"self":[{"href":"https:\/\/www.studiogera.de\/001\/wp-json\/wp\/v2\/posts\/34619","targetHints":{"allow":["GET"]}}],"collection":[{"href":"https:\/\/www.studiogera.de\/001\/wp-json\/wp\/v2\/posts"}],"about":[{"href":"https:\/\/www.studiogera.de\/001\/wp-json\/wp\/v2\/types\/post"}],"author":[{"embeddable":true,"href":"https:\/\/www.studiogera.de\/001\/wp-json\/wp\/v2\/users\/2"}],"replies":[{"embeddable":true,"href":"https:\/\/www.studiogera.de\/001\/wp-json\/wp\/v2\/comments?post=34619"}],"version-history":[{"count":1,"href":"https:\/\/www.studiogera.de\/001\/wp-json\/wp\/v2\/posts\/34619\/revisions"}],"predecessor-version":[{"id":34621,"href":"https:\/\/www.studiogera.de\/001\/wp-json\/wp\/v2\/posts\/34619\/revisions\/34621"}],"wp:featuredmedia":[{"embeddable":true,"href":"https:\/\/www.studiogera.de\/001\/wp-json\/wp\/v2\/media\/34620"}],"wp:attachment":[{"href":"https:\/\/www.studiogera.de\/001\/wp-json\/wp\/v2\/media?parent=34619"}],"wp:term":[{"taxonomy":"category","embeddable":true,"href":"https:\/\/www.studiogera.de\/001\/wp-json\/wp\/v2\/categories?post=34619"},{"taxonomy":"post_tag","embeddable":true,"href":"https:\/\/www.studiogera.de\/001\/wp-json\/wp\/v2\/tags?post=34619"}],"curies":[{"name":"wp","href":"https:\/\/api.w.org\/{rel}","templated":true}]}}