{"id":34623,"date":"2024-11-25T00:10:00","date_gmt":"2024-11-24T23:10:00","guid":{"rendered":"https:\/\/www.studiogera.de\/001\/?p=34623"},"modified":"2024-11-24T23:56:00","modified_gmt":"2024-11-24T22:56:00","slug":"weitere-meldungen-aus-gera-82","status":"publish","type":"post","link":"https:\/\/www.studiogera.de\/001\/2024\/11\/25\/weitere-meldungen-aus-gera-82\/","title":{"rendered":"WEITERE MELDUNGEN AUS GERA"},"content":{"rendered":"\n<p>Am Montag, den 25. November 2024, um 14 Uhr, sind alle Interessierten herzlich eingeladen, an der Er\u00f6ffnung einer \u201eOrange Bank\u201c in den Gera-Arcaden teilzunehmen. Diese Aktion findet anl\u00e4sslich des Internationalen Tags gegen Gewalt an Frauen statt und markiert den Abschluss der Kampagne \u201ehandle-jetzt-2024\u201c. Die Bank wird im Erdgeschoss der Gera-Arcaden, neben der Rolltreppe in der Mitte aufgestellt und tr\u00e4gt wichtige Botschaften wie \u201eKeine Gewalt gegen Frauen\u201c und \u201eKeine h\u00e4usliche Gewalt\u201c.<\/p>\n\n\n\n<p>Wie bereits im Vorjahr l\u00e4dt die Stadtteilbibliothek Lusan in der Werner-Petzold-Stra\u00dfe 10\u00a0zur Einstimmung auf die Advent- und Weihnachtszeit zu einem Bastelvormittag ein. Am Donnerstag, den 28. November 2024, k\u00f6nnen von 10 Uhr bis 12 Uhr im Wintergarten der Bibliothek in gem\u00fctlicher Runde bei Tee und Geb\u00e4ck kleine Adventsgestecke selbst gestaltet werden. Die dazu notwendigen Materialien werden zur Verf\u00fcgung gestellt. Der\u00a0Eintritt ist frei.<\/p>\n\n\n\n<p>Wer seine Vorliebe f\u00fcr ein bestimmtes Instrument entdecken m\u00f6chte, ist herzlich eingeladen, sich zum n\u00e4chsten Kursus des Instrumentenkarussells anzumelden. In kleinen Gruppen k\u00f6nnen die Kinder Streichinstrumente, Blasinstrumente, Zupfinstrumente sowie Klavier, Akkordeon und Keyboard unter Anleitung der Fachlehrkr\u00e4fte ausprobieren. Der Kursus umfasst elf Stunden \u00e1 30 Minuten und findet jeweils donnerstags von 16.30 Uhr bis 17 Uhr in der Hauptstelle der Musikschule, Biermannplatz 1, statt. Der Kursus beginnt am Donnerstag, den 28. November 2024, und dauert bis 27. Februar 2025. Einige freie Pl\u00e4tze sind noch vorhanden. Interessenten k\u00f6nnen sich auf der Webseite der Musikschule unter \u201ewww.gera.de\/leben-in-gera\/schule-bildung\u201c informieren oder das Sekretariat der Musikschule kontaktieren. Die Rufnummer lautet +4936526916, die Kontaktadresse \u201emusikschule@gera.de\u201c.<\/p>\n\n\n\n<p>Aufgrund der Neukonzipierung der Otto-Dix-Dauerausstellung \u201eTrau Deinen Augen\u201c in der Orangerie war das Otto-Dix-Haus l\u00e4ngere Zeit geschlossen. Am 3. Dezember 2024 \u00f6ffnet es wieder seine Tore. Mit der Ausstellung \u201eWie alles begann\u2026\u201c wird es m\u00f6glich, den k\u00fcnstlerischen Anf\u00e4ngen in Gera und Dresden nachzugehen.<\/p>\n\n\n\n<p>Zum traditionellen Wichtelumzug sind alle kleinen und gro\u00dfen Wichtelkinder mit ihren Eltern und Gro\u00dfeltern eingeladen. Treffpunkt ist in diesem Jahr wieder der Haupteingang des Kultur- und Kongresszentrums. Nach musikalischer Begr\u00fc\u00dfung bewegen sich die Teilnehmer dann ab 17 Uhr durch das weihnachtlich geschm\u00fcckte und festlich beleuchtete Stadtzentrum. Die \u201eSchnaudertaler Musikanten\u201c, der Weihnachtsmann und seine flei\u00dfigen Helfer f\u00fchren den Wichtelumzug an. Ab 17.30 Uhr klingt der Umzug dann bei hei\u00dfem Kakao, s\u00fc\u00dfen Pl\u00e4tzchen und Pfefferkuchen aus.<\/p>\n","protected":false},"excerpt":{"rendered":"<div class=\"mh-excerpt\"><p>Am Montag, den 25. November 2024, um 14 Uhr, sind alle Interessierten herzlich eingeladen, an der Er\u00f6ffnung einer \u201eOrange Bank\u201c in den Gera-Arcaden teilzunehmen. Diese Aktion findet anl\u00e4sslich des Internationalen Tags gegen Gewalt an Frauen <a class=\"mh-excerpt-more\" href=\"https:\/\/www.studiogera.de\/001\/2024\/11\/25\/weitere-meldungen-aus-gera-82\/\" title=\"WEITERE MELDUNGEN AUS GERA\">[&#8230;]<\/a><\/p>\n<\/div>","protected":false},"author":2,"featured_media":34625,"comment_status":"open","ping_status":"open","sticky":false,"template":"","format":"standard","meta":{"footnotes":""},"categories":[16],"tags":[],"class_list":{"0":"post-34623","1":"post","2":"type-post","3":"status-publish","4":"format-standard","5":"has-post-thumbnail","7":"category-kurzmitteilungen"},"_links":{"self":[{"href":"https:\/\/www.studiogera.de\/001\/wp-json\/wp\/v2\/posts\/34623","targetHints":{"allow":["GET"]}}],"collection":[{"href":"https:\/\/www.studiogera.de\/001\/wp-json\/wp\/v2\/posts"}],"about":[{"href":"https:\/\/www.studiogera.de\/001\/wp-json\/wp\/v2\/types\/post"}],"author":[{"embeddable":true,"href":"https:\/\/www.studiogera.de\/001\/wp-json\/wp\/v2\/users\/2"}],"replies":[{"embeddable":true,"href":"https:\/\/www.studiogera.de\/001\/wp-json\/wp\/v2\/comments?post=34623"}],"version-history":[{"count":2,"href":"https:\/\/www.studiogera.de\/001\/wp-json\/wp\/v2\/posts\/34623\/revisions"}],"predecessor-version":[{"id":34626,"href":"https:\/\/www.studiogera.de\/001\/wp-json\/wp\/v2\/posts\/34623\/revisions\/34626"}],"wp:featuredmedia":[{"embeddable":true,"href":"https:\/\/www.studiogera.de\/001\/wp-json\/wp\/v2\/media\/34625"}],"wp:attachment":[{"href":"https:\/\/www.studiogera.de\/001\/wp-json\/wp\/v2\/media?parent=34623"}],"wp:term":[{"taxonomy":"category","embeddable":true,"href":"https:\/\/www.studiogera.de\/001\/wp-json\/wp\/v2\/categories?post=34623"},{"taxonomy":"post_tag","embeddable":true,"href":"https:\/\/www.studiogera.de\/001\/wp-json\/wp\/v2\/tags?post=34623"}],"curies":[{"name":"wp","href":"https:\/\/api.w.org\/{rel}","templated":true}]}}