{"id":34642,"date":"2024-11-26T11:53:14","date_gmt":"2024-11-26T10:53:14","guid":{"rendered":"https:\/\/www.studiogera.de\/001\/?p=34642"},"modified":"2024-11-26T23:51:02","modified_gmt":"2024-11-26T22:51:02","slug":"ermittlungen-zu-einer-bedrohung-am-bahnhof","status":"publish","type":"post","link":"https:\/\/www.studiogera.de\/001\/2024\/11\/26\/ermittlungen-zu-einer-bedrohung-am-bahnhof\/","title":{"rendered":"ERMITTLUNGEN ZU EINER BEDROHUNG AM BAHNHOF"},"content":{"rendered":"\n<p>Ein 19-J\u00e4hriger muss sich seit dem vergangenen Wochenende f\u00fcr sein Verhalten strafrechtlich verantworten. Gegen 3.20 Uhr am Sonntag, den 24. November 2024, hielt er sich im Bereich des Bahnhofsvorplatzes auf und bedrohte dort einen 18-J\u00e4hrigen verbal sowie mit einer mitgef\u00fchrten Schreckschusswaffe. Zudem schlug er den Gesch\u00e4digten mit der Waffe gegen den Kopf, sodass dieser verletzt wurde. Im Anschluss entfernte sich der T\u00e4ter in unbekannte Richtung, konnte letztlich im Rahmen der Fahndungsma\u00dfnahmen gestellt und in Gewahrsam genommen werden. Nach Beendigung der polizeilichen Ma\u00dfnahmen wurde der 19-J\u00e4hrige wieder entlassen. Die Ermittlungen zum Gesamtgeschehen wurden eingeleitet<\/p>\n","protected":false},"excerpt":{"rendered":"<div class=\"mh-excerpt\"><p>Ein 19-J\u00e4hriger muss sich seit dem vergangenen Wochenende f\u00fcr sein Verhalten strafrechtlich verantworten. Gegen 3.20 Uhr am Sonntag, den 24. November 2024, hielt er sich im Bereich des Bahnhofsvorplatzes auf und bedrohte dort einen 18-J\u00e4hrigen <a class=\"mh-excerpt-more\" href=\"https:\/\/www.studiogera.de\/001\/2024\/11\/26\/ermittlungen-zu-einer-bedrohung-am-bahnhof\/\" title=\"ERMITTLUNGEN ZU EINER BEDROHUNG AM BAHNHOF\">[&#8230;]<\/a><\/p>\n<\/div>","protected":false},"author":2,"featured_media":9349,"comment_status":"open","ping_status":"open","sticky":false,"template":"","format":"standard","meta":{"footnotes":""},"categories":[13],"tags":[],"class_list":{"0":"post-34642","1":"post","2":"type-post","3":"status-publish","4":"format-standard","5":"has-post-thumbnail","7":"category-polizeiberichte"},"_links":{"self":[{"href":"https:\/\/www.studiogera.de\/001\/wp-json\/wp\/v2\/posts\/34642","targetHints":{"allow":["GET"]}}],"collection":[{"href":"https:\/\/www.studiogera.de\/001\/wp-json\/wp\/v2\/posts"}],"about":[{"href":"https:\/\/www.studiogera.de\/001\/wp-json\/wp\/v2\/types\/post"}],"author":[{"embeddable":true,"href":"https:\/\/www.studiogera.de\/001\/wp-json\/wp\/v2\/users\/2"}],"replies":[{"embeddable":true,"href":"https:\/\/www.studiogera.de\/001\/wp-json\/wp\/v2\/comments?post=34642"}],"version-history":[{"count":1,"href":"https:\/\/www.studiogera.de\/001\/wp-json\/wp\/v2\/posts\/34642\/revisions"}],"predecessor-version":[{"id":34643,"href":"https:\/\/www.studiogera.de\/001\/wp-json\/wp\/v2\/posts\/34642\/revisions\/34643"}],"wp:featuredmedia":[{"embeddable":true,"href":"https:\/\/www.studiogera.de\/001\/wp-json\/wp\/v2\/media\/9349"}],"wp:attachment":[{"href":"https:\/\/www.studiogera.de\/001\/wp-json\/wp\/v2\/media?parent=34642"}],"wp:term":[{"taxonomy":"category","embeddable":true,"href":"https:\/\/www.studiogera.de\/001\/wp-json\/wp\/v2\/categories?post=34642"},{"taxonomy":"post_tag","embeddable":true,"href":"https:\/\/www.studiogera.de\/001\/wp-json\/wp\/v2\/tags?post=34642"}],"curies":[{"name":"wp","href":"https:\/\/api.w.org\/{rel}","templated":true}]}}