{"id":34648,"date":"2024-11-26T21:33:28","date_gmt":"2024-11-26T20:33:28","guid":{"rendered":"https:\/\/www.studiogera.de\/001\/?p=34648"},"modified":"2024-11-26T21:33:30","modified_gmt":"2024-11-26T20:33:30","slug":"wahlleiter-fuer-die-stadt-gera-ernannt","status":"publish","type":"post","link":"https:\/\/www.studiogera.de\/001\/2024\/11\/26\/wahlleiter-fuer-die-stadt-gera-ernannt\/","title":{"rendered":"WAHLLEITER F\u00dcR DIE STADT GERA ERNANNT"},"content":{"rendered":"\n<p>Die Stadtverwaltung gibt bekannt, dass im Rahmen der Vorbereitung der bevorstehenden Bundestagswahlen der Wahlleiter und dessen Stellvertretung f\u00fcr die Stadt Gera bestellt wurden. Herr Alexander Streibhardt sowie seine Stellvertretung Frau Susanne Sothen erhielten am Freitag, den 22. November 2024, die Urkunden zur Berufung. Diese wurden durch Oberb\u00fcrgermeister Kurt Dannenberg im Namen des amtierenden Ministers f\u00fcr Inneres und Kommunales, Georg Maier, \u00fcbergeben.<\/p>\n\n\n\n<p>Die Wahlleitung spielt eine zentrale Rolle in der Gew\u00e4hrleistung fairer, transparenter und reibungsloser Wahlabl\u00e4ufe. Zu den Aufgaben des neuen Wahlleiters geh\u00f6ren unter anderem die Koordination der Wahlvorbereitungen, die Schulung der Wahlhelfer sowie die Sicherstellung der ordnungsgem\u00e4\u00dfen Durchf\u00fchrung der Wahlen in \u00dcbereinstimmung mit den gesetzlichen Vorgaben.<\/p>\n\n\n\n<p>Die Stadt Gera l\u00e4dt alle B\u00fcrger ein, sich aktiv zur St\u00e4rkung der Demokratie an den bevorstehenden Wahlen zu beteiligen. Au\u00dferdem werden zum reibungslosen Ablauf Wahlhelfer gesucht. Weitere Informationen sowie die Bereitschaftserkl\u00e4rung f\u00fcr eine Teilnahme sind unter folgender Adresse zu finden:<\/p>\n\n\n\n<p><a href=\"https:\/\/www.gera.de\/verwaltung-buergerservice\/stadtpolitik\/wahlen\">https:\/\/www.gera.de\/verwaltung-buergerservice\/stadtpolitik\/wahlen<\/a><\/p>\n\n\n\n<p>QUELLE: STADTVERWALTUNG<\/p>\n","protected":false},"excerpt":{"rendered":"<div class=\"mh-excerpt\"><p>Die Stadtverwaltung gibt bekannt, dass im Rahmen der Vorbereitung der bevorstehenden Bundestagswahlen der Wahlleiter und dessen Stellvertretung f\u00fcr die Stadt Gera bestellt wurden. Herr Alexander Streibhardt sowie seine Stellvertretung Frau Susanne Sothen erhielten am Freitag, <a class=\"mh-excerpt-more\" href=\"https:\/\/www.studiogera.de\/001\/2024\/11\/26\/wahlleiter-fuer-die-stadt-gera-ernannt\/\" title=\"WAHLLEITER F\u00dcR DIE STADT GERA ERNANNT\">[&#8230;]<\/a><\/p>\n<\/div>","protected":false},"author":2,"featured_media":34649,"comment_status":"open","ping_status":"open","sticky":false,"template":"","format":"standard","meta":{"footnotes":""},"categories":[3],"tags":[],"class_list":{"0":"post-34648","1":"post","2":"type-post","3":"status-publish","4":"format-standard","5":"has-post-thumbnail","7":"category-lokal"},"_links":{"self":[{"href":"https:\/\/www.studiogera.de\/001\/wp-json\/wp\/v2\/posts\/34648","targetHints":{"allow":["GET"]}}],"collection":[{"href":"https:\/\/www.studiogera.de\/001\/wp-json\/wp\/v2\/posts"}],"about":[{"href":"https:\/\/www.studiogera.de\/001\/wp-json\/wp\/v2\/types\/post"}],"author":[{"embeddable":true,"href":"https:\/\/www.studiogera.de\/001\/wp-json\/wp\/v2\/users\/2"}],"replies":[{"embeddable":true,"href":"https:\/\/www.studiogera.de\/001\/wp-json\/wp\/v2\/comments?post=34648"}],"version-history":[{"count":1,"href":"https:\/\/www.studiogera.de\/001\/wp-json\/wp\/v2\/posts\/34648\/revisions"}],"predecessor-version":[{"id":34650,"href":"https:\/\/www.studiogera.de\/001\/wp-json\/wp\/v2\/posts\/34648\/revisions\/34650"}],"wp:featuredmedia":[{"embeddable":true,"href":"https:\/\/www.studiogera.de\/001\/wp-json\/wp\/v2\/media\/34649"}],"wp:attachment":[{"href":"https:\/\/www.studiogera.de\/001\/wp-json\/wp\/v2\/media?parent=34648"}],"wp:term":[{"taxonomy":"category","embeddable":true,"href":"https:\/\/www.studiogera.de\/001\/wp-json\/wp\/v2\/categories?post=34648"},{"taxonomy":"post_tag","embeddable":true,"href":"https:\/\/www.studiogera.de\/001\/wp-json\/wp\/v2\/tags?post=34648"}],"curies":[{"name":"wp","href":"https:\/\/api.w.org\/{rel}","templated":true}]}}