{"id":34658,"date":"2024-11-27T08:53:40","date_gmt":"2024-11-27T07:53:40","guid":{"rendered":"https:\/\/www.studiogera.de\/001\/?p=34658"},"modified":"2024-11-27T08:53:41","modified_gmt":"2024-11-27T07:53:41","slug":"kind-bei-vu-in-bieblach-schwer-verletzt","status":"publish","type":"post","link":"https:\/\/www.studiogera.de\/001\/2024\/11\/27\/kind-bei-vu-in-bieblach-schwer-verletzt\/","title":{"rendered":"KIND BEI VU IN BIEBLACH SCHWER VERLETZT"},"content":{"rendered":"\n<p>Ein elfj\u00e4hriger Junge musste am 25. November 2024 nach einem Unfall mit einem Rettungswagen ins Krankenhaus gebracht werden. Gegen 13 Uhr stie\u00df im Bereich der Johannes-R.-Becher-Stra\u00dfe ein Mercedes-Transporter (Fahrerin 35 Jahre alt) beim R\u00fcckw\u00e4rtsrangieren vor einem Hauseingang mit dem Kind zusammen. Der Junge kam dabei zu Fall und verletzte sich. Die Geraer Polizei nahm die Ermittlungen zum Unfall auf.<\/p>\n","protected":false},"excerpt":{"rendered":"<div class=\"mh-excerpt\"><p>Ein elfj\u00e4hriger Junge musste am 25. November 2024 nach einem Unfall mit einem Rettungswagen ins Krankenhaus gebracht werden. Gegen 13 Uhr stie\u00df im Bereich der Johannes-R.-Becher-Stra\u00dfe ein Mercedes-Transporter (Fahrerin 35 Jahre alt) beim R\u00fcckw\u00e4rtsrangieren vor <a class=\"mh-excerpt-more\" href=\"https:\/\/www.studiogera.de\/001\/2024\/11\/27\/kind-bei-vu-in-bieblach-schwer-verletzt\/\" title=\"KIND BEI VU IN BIEBLACH SCHWER VERLETZT\">[&#8230;]<\/a><\/p>\n<\/div>","protected":false},"author":2,"featured_media":22582,"comment_status":"open","ping_status":"open","sticky":false,"template":"","format":"standard","meta":{"footnotes":""},"categories":[13],"tags":[],"class_list":{"0":"post-34658","1":"post","2":"type-post","3":"status-publish","4":"format-standard","5":"has-post-thumbnail","7":"category-polizeiberichte"},"_links":{"self":[{"href":"https:\/\/www.studiogera.de\/001\/wp-json\/wp\/v2\/posts\/34658","targetHints":{"allow":["GET"]}}],"collection":[{"href":"https:\/\/www.studiogera.de\/001\/wp-json\/wp\/v2\/posts"}],"about":[{"href":"https:\/\/www.studiogera.de\/001\/wp-json\/wp\/v2\/types\/post"}],"author":[{"embeddable":true,"href":"https:\/\/www.studiogera.de\/001\/wp-json\/wp\/v2\/users\/2"}],"replies":[{"embeddable":true,"href":"https:\/\/www.studiogera.de\/001\/wp-json\/wp\/v2\/comments?post=34658"}],"version-history":[{"count":1,"href":"https:\/\/www.studiogera.de\/001\/wp-json\/wp\/v2\/posts\/34658\/revisions"}],"predecessor-version":[{"id":34659,"href":"https:\/\/www.studiogera.de\/001\/wp-json\/wp\/v2\/posts\/34658\/revisions\/34659"}],"wp:featuredmedia":[{"embeddable":true,"href":"https:\/\/www.studiogera.de\/001\/wp-json\/wp\/v2\/media\/22582"}],"wp:attachment":[{"href":"https:\/\/www.studiogera.de\/001\/wp-json\/wp\/v2\/media?parent=34658"}],"wp:term":[{"taxonomy":"category","embeddable":true,"href":"https:\/\/www.studiogera.de\/001\/wp-json\/wp\/v2\/categories?post=34658"},{"taxonomy":"post_tag","embeddable":true,"href":"https:\/\/www.studiogera.de\/001\/wp-json\/wp\/v2\/tags?post=34658"}],"curies":[{"name":"wp","href":"https:\/\/api.w.org\/{rel}","templated":true}]}}