{"id":34699,"date":"2024-11-29T09:08:46","date_gmt":"2024-11-29T08:08:46","guid":{"rendered":"https:\/\/www.studiogera.de\/001\/?p=34699"},"modified":"2024-11-29T09:08:48","modified_gmt":"2024-11-29T08:08:48","slug":"rote-radfahrerquerung-am-stadtgraben","status":"publish","type":"post","link":"https:\/\/www.studiogera.de\/001\/2024\/11\/29\/rote-radfahrerquerung-am-stadtgraben\/","title":{"rendered":"ROTE RADFAHRERQUERUNG AM STADTGRABEN"},"content":{"rendered":"\n<p>Die Stadt Gera setzt ein deutliche Zeichen f\u00fcr mehr Sicherheit im Stra\u00dfenverkehr und nimmt die Anliegen ihrer B\u00fcrger ernst. Der stark frequentierten Fahrrad\u00fcberweg an der Kreuzung Reichsstra\u00dfe\/Stadtgraben wurde nun mit einer roten Markierung versehen, um die Sicherheit der Radfahrer nachhaltig zu erh\u00f6hen.<\/p>\n\n\n\n<p>Die Entscheidung folgte auf zahlreiche R\u00fcckmeldungen von B\u00fcrgern, die sich um die Sicherheit an diesem kritischen Punkt sorgten. Tiefbauamtsleiter Rico O\u00dfmann erkl\u00e4rt:<\/p>\n\n\n\n<blockquote class=\"wp-block-quote is-layout-flow wp-block-quote-is-layout-flow\">\n<p>\u201eDie Anregungen unserer B\u00fcrger sind f\u00fcr uns von gr\u00f6\u00dfter Bedeutung. Wir m\u00f6chten, dass sich alle Verkehrsteilnehmerinnen und -teilnehmer in Gera sicher f\u00fchlen. Mit der zus\u00e4tzlichen farblichen Kenntlichmachung dieser Radfahrerquerung zeigen wir, dass wir bereit sind, auf die Sorgen der Bev\u00f6lkerung einzugehen und eine sichere Infrastruktur zu schaffen.\u201c<\/p>\n<\/blockquote>\n\n\n\n<p>Diese Neugestaltung innerhalb weniger Wochen leiste einen positiven und nachhaltigen Beitrag zur Verkehrssicherheit in Geras Innenstadt, so O\u00dfmann.<\/p>\n\n\n\n<p>QUELLE: STADTVERWALTUNG<\/p>\n","protected":false},"excerpt":{"rendered":"<div class=\"mh-excerpt\"><p>Die Stadt Gera setzt ein deutliche Zeichen f\u00fcr mehr Sicherheit im Stra\u00dfenverkehr und nimmt die Anliegen ihrer B\u00fcrger ernst. Der stark frequentierten Fahrrad\u00fcberweg an der Kreuzung Reichsstra\u00dfe\/Stadtgraben wurde nun mit einer roten Markierung versehen, um <a class=\"mh-excerpt-more\" href=\"https:\/\/www.studiogera.de\/001\/2024\/11\/29\/rote-radfahrerquerung-am-stadtgraben\/\" title=\"ROTE RADFAHRERQUERUNG AM STADTGRABEN\">[&#8230;]<\/a><\/p>\n<\/div>","protected":false},"author":2,"featured_media":34700,"comment_status":"open","ping_status":"open","sticky":false,"template":"","format":"standard","meta":{"footnotes":""},"categories":[3],"tags":[],"class_list":{"0":"post-34699","1":"post","2":"type-post","3":"status-publish","4":"format-standard","5":"has-post-thumbnail","7":"category-lokal"},"_links":{"self":[{"href":"https:\/\/www.studiogera.de\/001\/wp-json\/wp\/v2\/posts\/34699","targetHints":{"allow":["GET"]}}],"collection":[{"href":"https:\/\/www.studiogera.de\/001\/wp-json\/wp\/v2\/posts"}],"about":[{"href":"https:\/\/www.studiogera.de\/001\/wp-json\/wp\/v2\/types\/post"}],"author":[{"embeddable":true,"href":"https:\/\/www.studiogera.de\/001\/wp-json\/wp\/v2\/users\/2"}],"replies":[{"embeddable":true,"href":"https:\/\/www.studiogera.de\/001\/wp-json\/wp\/v2\/comments?post=34699"}],"version-history":[{"count":1,"href":"https:\/\/www.studiogera.de\/001\/wp-json\/wp\/v2\/posts\/34699\/revisions"}],"predecessor-version":[{"id":34701,"href":"https:\/\/www.studiogera.de\/001\/wp-json\/wp\/v2\/posts\/34699\/revisions\/34701"}],"wp:featuredmedia":[{"embeddable":true,"href":"https:\/\/www.studiogera.de\/001\/wp-json\/wp\/v2\/media\/34700"}],"wp:attachment":[{"href":"https:\/\/www.studiogera.de\/001\/wp-json\/wp\/v2\/media?parent=34699"}],"wp:term":[{"taxonomy":"category","embeddable":true,"href":"https:\/\/www.studiogera.de\/001\/wp-json\/wp\/v2\/categories?post=34699"},{"taxonomy":"post_tag","embeddable":true,"href":"https:\/\/www.studiogera.de\/001\/wp-json\/wp\/v2\/tags?post=34699"}],"curies":[{"name":"wp","href":"https:\/\/api.w.org\/{rel}","templated":true}]}}