{"id":34704,"date":"2024-11-29T10:01:01","date_gmt":"2024-11-29T09:01:01","guid":{"rendered":"https:\/\/www.studiogera.de\/001\/?p=34704"},"modified":"2024-11-29T10:01:03","modified_gmt":"2024-11-29T09:01:03","slug":"vu-auf-der-l-1076-bei-st-gangloff","status":"publish","type":"post","link":"https:\/\/www.studiogera.de\/001\/2024\/11\/29\/vu-auf-der-l-1076-bei-st-gangloff\/","title":{"rendered":"VU AUF DER L 1076 BEI ST. GANGLOFF"},"content":{"rendered":"\n<p>Rettungsdienst, Feuerwehr und Polizei r\u00fcckten gestern fr\u00fch zur L 1076 aus, nachdem es zwischen St. Gangloff in Richtung Kleinsaara zum Unfall mit insgesamt drei beteiligten Fahrzeugen gekommen war. Im Zuge eines \u00dcberholvorganges kam es zum Zusammensto\u00df der drei Fahrzeuge der Marken Ford, VW, und Opel. Alle drei Fahrzeuge waren nicht mehr fahrt\u00fcchtig. Des Weiteren verletzten sich sowohl die Ford-Fahrerin als auch der VW-Fahrer und mussten medizinisch versorgt werden. Aufgrund des Unfalls wurde die Stra\u00dfe zum Teil vollst\u00e4ndig gesperrt. Die Geraer Polizei nahm die Ermittlungen zum Unfall auf.<\/p>\n","protected":false},"excerpt":{"rendered":"<div class=\"mh-excerpt\"><p>Rettungsdienst, Feuerwehr und Polizei r\u00fcckten gestern fr\u00fch zur L 1076 aus, nachdem es zwischen St. Gangloff in Richtung Kleinsaara zum Unfall mit insgesamt drei beteiligten Fahrzeugen gekommen war. Im Zuge eines \u00dcberholvorganges kam es zum <a class=\"mh-excerpt-more\" href=\"https:\/\/www.studiogera.de\/001\/2024\/11\/29\/vu-auf-der-l-1076-bei-st-gangloff\/\" title=\"VU AUF DER L 1076 BEI ST. GANGLOFF\">[&#8230;]<\/a><\/p>\n<\/div>","protected":false},"author":2,"featured_media":22582,"comment_status":"open","ping_status":"open","sticky":false,"template":"","format":"standard","meta":{"footnotes":""},"categories":[13],"tags":[],"class_list":{"0":"post-34704","1":"post","2":"type-post","3":"status-publish","4":"format-standard","5":"has-post-thumbnail","7":"category-polizeiberichte"},"_links":{"self":[{"href":"https:\/\/www.studiogera.de\/001\/wp-json\/wp\/v2\/posts\/34704","targetHints":{"allow":["GET"]}}],"collection":[{"href":"https:\/\/www.studiogera.de\/001\/wp-json\/wp\/v2\/posts"}],"about":[{"href":"https:\/\/www.studiogera.de\/001\/wp-json\/wp\/v2\/types\/post"}],"author":[{"embeddable":true,"href":"https:\/\/www.studiogera.de\/001\/wp-json\/wp\/v2\/users\/2"}],"replies":[{"embeddable":true,"href":"https:\/\/www.studiogera.de\/001\/wp-json\/wp\/v2\/comments?post=34704"}],"version-history":[{"count":1,"href":"https:\/\/www.studiogera.de\/001\/wp-json\/wp\/v2\/posts\/34704\/revisions"}],"predecessor-version":[{"id":34705,"href":"https:\/\/www.studiogera.de\/001\/wp-json\/wp\/v2\/posts\/34704\/revisions\/34705"}],"wp:featuredmedia":[{"embeddable":true,"href":"https:\/\/www.studiogera.de\/001\/wp-json\/wp\/v2\/media\/22582"}],"wp:attachment":[{"href":"https:\/\/www.studiogera.de\/001\/wp-json\/wp\/v2\/media?parent=34704"}],"wp:term":[{"taxonomy":"category","embeddable":true,"href":"https:\/\/www.studiogera.de\/001\/wp-json\/wp\/v2\/categories?post=34704"},{"taxonomy":"post_tag","embeddable":true,"href":"https:\/\/www.studiogera.de\/001\/wp-json\/wp\/v2\/tags?post=34704"}],"curies":[{"name":"wp","href":"https:\/\/api.w.org\/{rel}","templated":true}]}}