{"id":34710,"date":"2024-11-29T10:24:41","date_gmt":"2024-11-29T09:24:41","guid":{"rendered":"https:\/\/www.studiogera.de\/001\/?p=34710"},"modified":"2024-11-29T10:24:43","modified_gmt":"2024-11-29T09:24:43","slug":"vorstandstreffen-der-ag-thueringischer-kommunalarchive","status":"publish","type":"post","link":"https:\/\/www.studiogera.de\/001\/2024\/11\/29\/vorstandstreffen-der-ag-thueringischer-kommunalarchive\/","title":{"rendered":"VORSTANDSTREFFEN DER AG TH\u00dcRINGISCHER KOMMUNALARCHIVE"},"content":{"rendered":"\n<p>Am vergangenen Montag, den 18. November 2024, trafen sich die Vorstandsmitglieder der Arbeitsgemeinschaft th\u00fcringischer Kommunalarchive im Stadtarchiv Gera, um sich \u00fcber die gegenw\u00e4rtigen Probleme des Archivwesens sowie k\u00fcnftige Projekte und Herausforderungen auszutauschen.<\/p>\n\n\n\n<p>Besondere Aufmerksamkeit wurde dabei dem Thema Aus- und Fortbildung der kommunalen Archivare geschenkt, das Motto der im kommenden Jahr stattfindenden Regionalkonferenz der th\u00fcringischen Kommunalarchive festgelegt und Referenten aus dem versammelten Kollegenkreis bestimmt. Auch die Weiterentwicklung des Th\u00fcringer Archivportals, der Stand der digitalen Langzeitarchivierung im Freistaat und gesetzliche Neurungen mit Auswirkungen auf das Archivwesen standen auf der Agenda.<\/p>\n\n\n\n<p>Dem Vorstand der Arbeitsgemeinschaft th\u00fcringischer Kommunalarchive als einem Gremium des Landesverbandes Th\u00fcringen im Verband deutscher Archivarinnen und Archivare (VdA) geh\u00f6ren die Leiter folgender Archive an: Stadtarchiv Jena, Stadtarchiv Gera, Kreisarchiv S\u00f6mmerda, Stadtarchiv Erfurt, Kreisarchiv Meiningen, Stadtarchiv Weimar, Stadtarchiv M\u00fchlhausen, Kreisarchiv Unstrut-Hainich-Kreis, Stadtarchiv Gotha sowie Stadt- und Kreisarchiv Schmalkalden.<\/p>\n\n\n\n<p>QUELLE: STADTVERWALTUNG<\/p>\n","protected":false},"excerpt":{"rendered":"<div class=\"mh-excerpt\"><p>Am vergangenen Montag, den 18. November 2024, trafen sich die Vorstandsmitglieder der Arbeitsgemeinschaft th\u00fcringischer Kommunalarchive im Stadtarchiv Gera, um sich \u00fcber die gegenw\u00e4rtigen Probleme des Archivwesens sowie k\u00fcnftige Projekte und Herausforderungen auszutauschen. Besondere Aufmerksamkeit wurde <a class=\"mh-excerpt-more\" href=\"https:\/\/www.studiogera.de\/001\/2024\/11\/29\/vorstandstreffen-der-ag-thueringischer-kommunalarchive\/\" title=\"VORSTANDSTREFFEN DER AG TH\u00dcRINGISCHER KOMMUNALARCHIVE\">[&#8230;]<\/a><\/p>\n<\/div>","protected":false},"author":2,"featured_media":34711,"comment_status":"open","ping_status":"open","sticky":false,"template":"","format":"standard","meta":{"footnotes":""},"categories":[8],"tags":[],"class_list":{"0":"post-34710","1":"post","2":"type-post","3":"status-publish","4":"format-standard","5":"has-post-thumbnail","7":"category-kultur"},"_links":{"self":[{"href":"https:\/\/www.studiogera.de\/001\/wp-json\/wp\/v2\/posts\/34710","targetHints":{"allow":["GET"]}}],"collection":[{"href":"https:\/\/www.studiogera.de\/001\/wp-json\/wp\/v2\/posts"}],"about":[{"href":"https:\/\/www.studiogera.de\/001\/wp-json\/wp\/v2\/types\/post"}],"author":[{"embeddable":true,"href":"https:\/\/www.studiogera.de\/001\/wp-json\/wp\/v2\/users\/2"}],"replies":[{"embeddable":true,"href":"https:\/\/www.studiogera.de\/001\/wp-json\/wp\/v2\/comments?post=34710"}],"version-history":[{"count":1,"href":"https:\/\/www.studiogera.de\/001\/wp-json\/wp\/v2\/posts\/34710\/revisions"}],"predecessor-version":[{"id":34712,"href":"https:\/\/www.studiogera.de\/001\/wp-json\/wp\/v2\/posts\/34710\/revisions\/34712"}],"wp:featuredmedia":[{"embeddable":true,"href":"https:\/\/www.studiogera.de\/001\/wp-json\/wp\/v2\/media\/34711"}],"wp:attachment":[{"href":"https:\/\/www.studiogera.de\/001\/wp-json\/wp\/v2\/media?parent=34710"}],"wp:term":[{"taxonomy":"category","embeddable":true,"href":"https:\/\/www.studiogera.de\/001\/wp-json\/wp\/v2\/categories?post=34710"},{"taxonomy":"post_tag","embeddable":true,"href":"https:\/\/www.studiogera.de\/001\/wp-json\/wp\/v2\/tags?post=34710"}],"curies":[{"name":"wp","href":"https:\/\/api.w.org\/{rel}","templated":true}]}}