{"id":34715,"date":"2024-11-29T10:47:06","date_gmt":"2024-11-29T09:47:06","guid":{"rendered":"https:\/\/www.studiogera.de\/001\/?p=34715"},"modified":"2024-11-29T10:47:07","modified_gmt":"2024-11-29T09:47:07","slug":"fortsetzung-der-krimi-kultur-touren-im-jahr-2025","status":"publish","type":"post","link":"https:\/\/www.studiogera.de\/001\/2024\/11\/29\/fortsetzung-der-krimi-kultur-touren-im-jahr-2025\/","title":{"rendered":"FORTSETZUNG DER KRIMI-KULTUR-TOUREN IM JAHR 2025"},"content":{"rendered":"\n<p>Die Gera-Information setzt im kommenden Jahr 2025 die beliebten Krimi-Kultur-Touren aufgrund der hohen Nachfrage fort.<\/p>\n\n\n\n<p>Die Touren mit Hans Thiers, Kriminalrat a. D., und dem zertifizierten Geraer G\u00e4stef\u00fchrer Ulrich Braumann beinhalten die kriminalistische Spurensuche mit Tat- und Fundortbegehung sowie kulturhistorische Erl\u00e4uterungen zur Geschichte von Untermhaus und dem Stadtzentrum.<\/p>\n\n\n\n<p>F\u00fcr folgende Termine nehmen die Mitarbeiter der Gera-Information bereits jetzt schon Anmeldungen entgegen: 9. M\u00e4rz, 6. April, 4. Mai, 8. Juni, 7. September, 5. Oktober und 2. November 2025. Die F\u00fchrungen finden jeweils von 10 Uhr bis 12 Uhr statt. Das Mindestalter f\u00fcr eine Teilnahme liegt bei 16 Jahren und erfordert die Begleitung eines Erziehungsberechtigten. Dar\u00fcber hinaus kann die Krimi-Kultur-Tour als Gruppenf\u00fchrung f\u00fcr Familienfeiern, Firmenjubil\u00e4en und andere Feierlichkeiten individuell gebucht werden.<\/p>\n\n\n\n<p>Interessierte wenden sich an die Gera-Information unter der Rufnummer +493658381111 oder \u00fcber die Kontaktadresse \u201etourismus@gera.de\u201d.<\/p>\n\n\n\n<p>QUELLE: STADTVERWALTUNG<\/p>\n","protected":false},"excerpt":{"rendered":"<div class=\"mh-excerpt\"><p>Die Gera-Information setzt im kommenden Jahr 2025 die beliebten Krimi-Kultur-Touren aufgrund der hohen Nachfrage fort. Die Touren mit Hans Thiers, Kriminalrat a. D., und dem zertifizierten Geraer G\u00e4stef\u00fchrer Ulrich Braumann beinhalten die kriminalistische Spurensuche mit <a class=\"mh-excerpt-more\" href=\"https:\/\/www.studiogera.de\/001\/2024\/11\/29\/fortsetzung-der-krimi-kultur-touren-im-jahr-2025\/\" title=\"FORTSETZUNG DER KRIMI-KULTUR-TOUREN IM JAHR 2025\">[&#8230;]<\/a><\/p>\n<\/div>","protected":false},"author":2,"featured_media":34716,"comment_status":"open","ping_status":"open","sticky":false,"template":"","format":"standard","meta":{"footnotes":""},"categories":[8],"tags":[],"class_list":{"0":"post-34715","1":"post","2":"type-post","3":"status-publish","4":"format-standard","5":"has-post-thumbnail","7":"category-kultur"},"_links":{"self":[{"href":"https:\/\/www.studiogera.de\/001\/wp-json\/wp\/v2\/posts\/34715","targetHints":{"allow":["GET"]}}],"collection":[{"href":"https:\/\/www.studiogera.de\/001\/wp-json\/wp\/v2\/posts"}],"about":[{"href":"https:\/\/www.studiogera.de\/001\/wp-json\/wp\/v2\/types\/post"}],"author":[{"embeddable":true,"href":"https:\/\/www.studiogera.de\/001\/wp-json\/wp\/v2\/users\/2"}],"replies":[{"embeddable":true,"href":"https:\/\/www.studiogera.de\/001\/wp-json\/wp\/v2\/comments?post=34715"}],"version-history":[{"count":1,"href":"https:\/\/www.studiogera.de\/001\/wp-json\/wp\/v2\/posts\/34715\/revisions"}],"predecessor-version":[{"id":34717,"href":"https:\/\/www.studiogera.de\/001\/wp-json\/wp\/v2\/posts\/34715\/revisions\/34717"}],"wp:featuredmedia":[{"embeddable":true,"href":"https:\/\/www.studiogera.de\/001\/wp-json\/wp\/v2\/media\/34716"}],"wp:attachment":[{"href":"https:\/\/www.studiogera.de\/001\/wp-json\/wp\/v2\/media?parent=34715"}],"wp:term":[{"taxonomy":"category","embeddable":true,"href":"https:\/\/www.studiogera.de\/001\/wp-json\/wp\/v2\/categories?post=34715"},{"taxonomy":"post_tag","embeddable":true,"href":"https:\/\/www.studiogera.de\/001\/wp-json\/wp\/v2\/tags?post=34715"}],"curies":[{"name":"wp","href":"https:\/\/api.w.org\/{rel}","templated":true}]}}