{"id":34718,"date":"2024-11-29T10:59:21","date_gmt":"2024-11-29T09:59:21","guid":{"rendered":"https:\/\/www.studiogera.de\/001\/?p=34718"},"modified":"2024-11-29T10:59:23","modified_gmt":"2024-11-29T09:59:23","slug":"das-theater-vom-29-november-bis-1-dezember-2024","status":"publish","type":"post","link":"https:\/\/www.studiogera.de\/001\/2024\/11\/29\/das-theater-vom-29-november-bis-1-dezember-2024\/","title":{"rendered":"DAS THEATER VOM 29. NOVEMBER BIS 1. DEZEMBER 2024"},"content":{"rendered":"\n<p>Ein vom Gl\u00fcck gek\u00fcsster junger M\u00fcller, ein gemeiner K\u00f6nig und ein Auftrag, der im Grunde nicht zu schaffen ist \u2013 so haben die Br\u00fcder Grimm das M\u00e4rchen \u201eDer Teufel mit den drei goldenen Haaren\u201c vor rund 200 Jahren niedergeschrieben. Jetzt kommt das M\u00e4rchen erstmals am Samstag, den 30. November 2024, um 16 Uhr im Gro\u00dfen Haus Gera als Weihnachtsm\u00e4rchen auf die B\u00fchne. Generalintendant Kay Kuntze hat den klassischen Stoff mit viel Humor zu einer abenteuerlichen und fantasievollen Inszenierung verwebt. Geeignet ist das St\u00fcck f\u00fcr Kinder ab einem Alter von sechs Jahren. Eine weitere Vorstellung folgt am Sonntag, den 1. Dezember, um 16 Uhr in der gleichen Spielst\u00e4tte.<\/p>\n\n\n\n<p>Mehr als 2000 Jahre fristeten sie in der Weihnachtsgeschichte ein Schattendasein als Statisten, bis Autor Norbert Ebel die zwei \u00fcblicherweise stummen Nebenfiguren in seiner Version des Krippenspiels ins Rampenlicht r\u00fcckte. In \u201eOx und Esel\u201c kommen am Sonntag, den 1. Dezember, um 15 Uhr in der Spielst\u00e4tte B\u00fchne am Park Gera die beiden tierischen Freunde aus Bethlehem endlich einmal zu Wort und laden Gro\u00df und Klein dazu ein, einen frischen Blick auf die Urspr\u00fcnge der Weihnachtsgeschichte zu werfen. Empfohlen f\u00fcr kleine Besucher ab sechs Jahren.<\/p>\n\n\n\n<p><strong>Das Programm in Altenburg<\/strong><\/p>\n\n\n\n<p>Keine leichte Geschichte, die Bestsellerautor Eric-Emmanuel Schmitt in seinem Buch \u201eOskar und die Dame in Rosa\u201d erz\u00e4hlt hat, und dennoch wurde sie von einem Millionenpublikum gelesen, als Film (2009) oder Oper (2014 in Freiburg uraufgef\u00fchrt) gesehen. Die ber\u00fchrende Erz\u00e4hlung kommt jetzt erstmals am Freitag, den 29. November 2024, um 19.30 Uhr auf die Altenburger Heizhaus-B\u00fchne des hiesigen Puppentheaters. Darin f\u00fchrt der an Leuk\u00e4mie erkrankte zehnj\u00e4hrige Oskar den Zuschauern im Gespr\u00e4ch mit der ehrenamtlichen Helferin \u201eOma Rosa\u201c vor Augen, was im Leben wirklich wichtig ist. Eine Hymne an das Leben und die Freundschaft, voller Fantasie und Humor. Empfohlen f\u00fcr Jugendliche ab 14 Jahren und Erwachsene. Eine weitere Vorstellung folgt am Samstag, den 30. November, um 19.30 Uhr in der gleichen Spielst\u00e4tte.<\/p>\n\n\n\n<p>Im Theater Altenburg Gera ist wieder M\u00e4rchenzeit. Am Sonntag, den 1. Dezember, feiert um 18 Uhr der Klassiker \u201ePeterchens Mondfahrt mit Anneliese\u201c nach Gerdt von Bassewitz (in der Fassung von Philipp L\u00f6hle) im Theaterzelt Altenburg Premiere. Erz\u00e4hlt wird von den Abenteuern des Maik\u00e4fers Sumsemann, der zusammen mit den Menschenkindern Peter und Anneliese zum Mond fliegt, um von dort sein verlorenes sechstes Beinchen zur\u00fcckzuholen. Auf dem Weg zum Mondberg erleben die drei die spannendsten Abenteuer, die man sich nur vorstellen kann.<\/p>\n\n\n\n<p>Eintrittskarten sind an den Theaterkassen sowie \u00fcber die Webseite des Theaters erh\u00e4ltlich. Diese sind unter der Rufnummer 0365 8279105 bzw. 03447 585160 sowie \u00fcber \u201ehttps:\/\/theater-altenburg-gera.de\/\u201d erreichbar.<\/p>\n\n\n\n<p>QUELLE: THEATER ALTENBURG GERA GGMBH<\/p>\n","protected":false},"excerpt":{"rendered":"<div class=\"mh-excerpt\"><p>Ein vom Gl\u00fcck gek\u00fcsster junger M\u00fcller, ein gemeiner K\u00f6nig und ein Auftrag, der im Grunde nicht zu schaffen ist \u2013 so haben die Br\u00fcder Grimm das M\u00e4rchen \u201eDer Teufel mit den drei goldenen Haaren\u201c vor <a class=\"mh-excerpt-more\" href=\"https:\/\/www.studiogera.de\/001\/2024\/11\/29\/das-theater-vom-29-november-bis-1-dezember-2024\/\" title=\"DAS THEATER VOM 29. NOVEMBER BIS 1. DEZEMBER 2024\">[&#8230;]<\/a><\/p>\n<\/div>","protected":false},"author":2,"featured_media":34719,"comment_status":"open","ping_status":"open","sticky":false,"template":"","format":"standard","meta":{"footnotes":""},"categories":[15],"tags":[],"class_list":{"0":"post-34718","1":"post","2":"type-post","3":"status-publish","4":"format-standard","5":"has-post-thumbnail","7":"category-theater"},"_links":{"self":[{"href":"https:\/\/www.studiogera.de\/001\/wp-json\/wp\/v2\/posts\/34718","targetHints":{"allow":["GET"]}}],"collection":[{"href":"https:\/\/www.studiogera.de\/001\/wp-json\/wp\/v2\/posts"}],"about":[{"href":"https:\/\/www.studiogera.de\/001\/wp-json\/wp\/v2\/types\/post"}],"author":[{"embeddable":true,"href":"https:\/\/www.studiogera.de\/001\/wp-json\/wp\/v2\/users\/2"}],"replies":[{"embeddable":true,"href":"https:\/\/www.studiogera.de\/001\/wp-json\/wp\/v2\/comments?post=34718"}],"version-history":[{"count":1,"href":"https:\/\/www.studiogera.de\/001\/wp-json\/wp\/v2\/posts\/34718\/revisions"}],"predecessor-version":[{"id":34720,"href":"https:\/\/www.studiogera.de\/001\/wp-json\/wp\/v2\/posts\/34718\/revisions\/34720"}],"wp:featuredmedia":[{"embeddable":true,"href":"https:\/\/www.studiogera.de\/001\/wp-json\/wp\/v2\/media\/34719"}],"wp:attachment":[{"href":"https:\/\/www.studiogera.de\/001\/wp-json\/wp\/v2\/media?parent=34718"}],"wp:term":[{"taxonomy":"category","embeddable":true,"href":"https:\/\/www.studiogera.de\/001\/wp-json\/wp\/v2\/categories?post=34718"},{"taxonomy":"post_tag","embeddable":true,"href":"https:\/\/www.studiogera.de\/001\/wp-json\/wp\/v2\/tags?post=34718"}],"curies":[{"name":"wp","href":"https:\/\/api.w.org\/{rel}","templated":true}]}}