{"id":35235,"date":"2025-01-02T17:13:21","date_gmt":"2025-01-02T16:13:21","guid":{"rendered":"https:\/\/www.studiogera.de\/001\/?p=35235"},"modified":"2025-01-02T17:13:34","modified_gmt":"2025-01-02T16:13:34","slug":"familienfeier-in-lusan-endet-in-gewahrsam","status":"publish","type":"post","link":"https:\/\/www.studiogera.de\/001\/2025\/01\/02\/familienfeier-in-lusan-endet-in-gewahrsam\/","title":{"rendered":"FAMILIENFEIER IN LUSAN ENDET IN GEWAHRSAM"},"content":{"rendered":"\n<p>Bei einer privaten Feier kam es am 30. Dezember 2024 gegen 17.50 Uhr in der Schleizer Stra\u00dfe zu einem polizeilichen Einsatz. Nachdem es zun\u00e4chst zu einer Auseinandersetzung zwischen zwei Familienangeh\u00f6rigen, konkret einem 25-j\u00e4hrigen Mann und einer 45-j\u00e4hrigen Frau, gekommen war, wurde der 25-j\u00e4hrige Mann der Wohnung verwiesen. Da sich dieser trotz r\u00e4umlicher Trennung nicht beruhigen wollte, wurde die Polizei informiert. Nach Eintreffen der Beamten leistete der unter dem Einfluss von Alkohol stehende 25-J\u00e4hrige fortfolgend Widerstand gegen die polizeilichen Ma\u00dfnahmen und wurde folglich in Gewahrsam genommen. Er muss sich nun wegen K\u00f6rperverletzung, Bedrohung und Widerstand gegen Vollstreckungsbeamte strafrechtlich verantworten.<\/p>\n","protected":false},"excerpt":{"rendered":"<div class=\"mh-excerpt\"><p>Bei einer privaten Feier kam es am 30. Dezember 2024 gegen 17.50 Uhr in der Schleizer Stra\u00dfe zu einem polizeilichen Einsatz. Nachdem es zun\u00e4chst zu einer Auseinandersetzung zwischen zwei Familienangeh\u00f6rigen, konkret einem 25-j\u00e4hrigen Mann und <a class=\"mh-excerpt-more\" href=\"https:\/\/www.studiogera.de\/001\/2025\/01\/02\/familienfeier-in-lusan-endet-in-gewahrsam\/\" title=\"FAMILIENFEIER IN LUSAN ENDET IN GEWAHRSAM\">[&#8230;]<\/a><\/p>\n<\/div>","protected":false},"author":2,"featured_media":22581,"comment_status":"open","ping_status":"open","sticky":false,"template":"","format":"standard","meta":{"footnotes":""},"categories":[13],"tags":[],"class_list":{"0":"post-35235","1":"post","2":"type-post","3":"status-publish","4":"format-standard","5":"has-post-thumbnail","7":"category-polizeiberichte"},"_links":{"self":[{"href":"https:\/\/www.studiogera.de\/001\/wp-json\/wp\/v2\/posts\/35235","targetHints":{"allow":["GET"]}}],"collection":[{"href":"https:\/\/www.studiogera.de\/001\/wp-json\/wp\/v2\/posts"}],"about":[{"href":"https:\/\/www.studiogera.de\/001\/wp-json\/wp\/v2\/types\/post"}],"author":[{"embeddable":true,"href":"https:\/\/www.studiogera.de\/001\/wp-json\/wp\/v2\/users\/2"}],"replies":[{"embeddable":true,"href":"https:\/\/www.studiogera.de\/001\/wp-json\/wp\/v2\/comments?post=35235"}],"version-history":[{"count":1,"href":"https:\/\/www.studiogera.de\/001\/wp-json\/wp\/v2\/posts\/35235\/revisions"}],"predecessor-version":[{"id":35236,"href":"https:\/\/www.studiogera.de\/001\/wp-json\/wp\/v2\/posts\/35235\/revisions\/35236"}],"wp:featuredmedia":[{"embeddable":true,"href":"https:\/\/www.studiogera.de\/001\/wp-json\/wp\/v2\/media\/22581"}],"wp:attachment":[{"href":"https:\/\/www.studiogera.de\/001\/wp-json\/wp\/v2\/media?parent=35235"}],"wp:term":[{"taxonomy":"category","embeddable":true,"href":"https:\/\/www.studiogera.de\/001\/wp-json\/wp\/v2\/categories?post=35235"},{"taxonomy":"post_tag","embeddable":true,"href":"https:\/\/www.studiogera.de\/001\/wp-json\/wp\/v2\/tags?post=35235"}],"curies":[{"name":"wp","href":"https:\/\/api.w.org\/{rel}","templated":true}]}}