{"id":35237,"date":"2025-01-02T17:17:36","date_gmt":"2025-01-02T16:17:36","guid":{"rendered":"https:\/\/www.studiogera.de\/001\/?p=35237"},"modified":"2025-01-02T17:17:36","modified_gmt":"2025-01-02T16:17:36","slug":"gefaehrliche-koerperverletzung-in-zwoetzen","status":"publish","type":"post","link":"https:\/\/www.studiogera.de\/001\/2025\/01\/02\/gefaehrliche-koerperverletzung-in-zwoetzen\/","title":{"rendered":"GEF\u00c4HRLICHE K\u00d6RPERVERLETZUNG IN ZW\u00d6TZEN"},"content":{"rendered":"\n<p>Ein unbekannter T\u00e4ter schlug am 1. Januar 2025 gegen 0.05 Uhr auf dem Parkplatz eines Supermarktes in der August-Bebel-Stra\u00dfe einen 21-J\u00e4hrigen nieder. Am Boden liegend wurde dieser weiterhin ins Gesicht getreten, weshalb er medizinisch behandelt und in ein Krankenhaus eingeliefert werden musste. Der T\u00e4ter floh anschlie\u00dfend in unbekannte Richtung. Die KPI in Gera hat die Ermittlungen aufgenommen und bittet Zeugen des Geschehens, sich unter der Rufnummer +4936582341465 zu melden. Am Telefon ist die Bezugsnummer 0000047\/2025 anzugeben.<\/p>\n","protected":false},"excerpt":{"rendered":"<div class=\"mh-excerpt\"><p>Ein unbekannter T\u00e4ter schlug am 1. Januar 2025 gegen 0.05 Uhr auf dem Parkplatz eines Supermarktes in der August-Bebel-Stra\u00dfe einen 21-J\u00e4hrigen nieder. Am Boden liegend wurde dieser weiterhin ins Gesicht getreten, weshalb er medizinisch behandelt <a class=\"mh-excerpt-more\" href=\"https:\/\/www.studiogera.de\/001\/2025\/01\/02\/gefaehrliche-koerperverletzung-in-zwoetzen\/\" title=\"GEF\u00c4HRLICHE K\u00d6RPERVERLETZUNG IN ZW\u00d6TZEN\">[&#8230;]<\/a><\/p>\n<\/div>","protected":false},"author":2,"featured_media":33258,"comment_status":"open","ping_status":"open","sticky":false,"template":"","format":"standard","meta":{"footnotes":""},"categories":[13],"tags":[],"class_list":{"0":"post-35237","1":"post","2":"type-post","3":"status-publish","4":"format-standard","5":"has-post-thumbnail","7":"category-polizeiberichte"},"_links":{"self":[{"href":"https:\/\/www.studiogera.de\/001\/wp-json\/wp\/v2\/posts\/35237","targetHints":{"allow":["GET"]}}],"collection":[{"href":"https:\/\/www.studiogera.de\/001\/wp-json\/wp\/v2\/posts"}],"about":[{"href":"https:\/\/www.studiogera.de\/001\/wp-json\/wp\/v2\/types\/post"}],"author":[{"embeddable":true,"href":"https:\/\/www.studiogera.de\/001\/wp-json\/wp\/v2\/users\/2"}],"replies":[{"embeddable":true,"href":"https:\/\/www.studiogera.de\/001\/wp-json\/wp\/v2\/comments?post=35237"}],"version-history":[{"count":1,"href":"https:\/\/www.studiogera.de\/001\/wp-json\/wp\/v2\/posts\/35237\/revisions"}],"predecessor-version":[{"id":35238,"href":"https:\/\/www.studiogera.de\/001\/wp-json\/wp\/v2\/posts\/35237\/revisions\/35238"}],"wp:featuredmedia":[{"embeddable":true,"href":"https:\/\/www.studiogera.de\/001\/wp-json\/wp\/v2\/media\/33258"}],"wp:attachment":[{"href":"https:\/\/www.studiogera.de\/001\/wp-json\/wp\/v2\/media?parent=35237"}],"wp:term":[{"taxonomy":"category","embeddable":true,"href":"https:\/\/www.studiogera.de\/001\/wp-json\/wp\/v2\/categories?post=35237"},{"taxonomy":"post_tag","embeddable":true,"href":"https:\/\/www.studiogera.de\/001\/wp-json\/wp\/v2\/tags?post=35237"}],"curies":[{"name":"wp","href":"https:\/\/api.w.org\/{rel}","templated":true}]}}