{"id":35239,"date":"2025-01-02T17:19:47","date_gmt":"2025-01-02T16:19:47","guid":{"rendered":"https:\/\/www.studiogera.de\/001\/?p=35239"},"modified":"2025-01-02T17:19:48","modified_gmt":"2025-01-02T16:19:48","slug":"fahrzeug-in-debschwitz-in-brand-gesetzt","status":"publish","type":"post","link":"https:\/\/www.studiogera.de\/001\/2025\/01\/02\/fahrzeug-in-debschwitz-in-brand-gesetzt\/","title":{"rendered":"FAHRZEUG IN DEBSCHWITZ IN BRAND GESETZT"},"content":{"rendered":"\n<p>Unbekannte T\u00e4ter steckten am 31. Dezember 2024 zwischen 12.30 Uhr und 14.45 Uhr den PKW eines 37-J\u00e4hrigen in der Liselotte-Hermann-Stra\u00dfe auf unbekannte Art und Weise in Brand. Der Brandschaden im Frontbereich des Fahrzeuges verursachte einen Schaden in H\u00f6he von etwa 10&#8217;000 Euro. Die Kriminalpolizei bittet Zeugen des Geschehens, sich unter der Rufnummer +4936582341465 zu melden. Am Telefon ist die Bezugsnummer ELS 24536072 anzugeben.<\/p>\n","protected":false},"excerpt":{"rendered":"<div class=\"mh-excerpt\"><p>Unbekannte T\u00e4ter steckten am 31. Dezember 2024 zwischen 12.30 Uhr und 14.45 Uhr den PKW eines 37-J\u00e4hrigen in der Liselotte-Hermann-Stra\u00dfe auf unbekannte Art und Weise in Brand. Der Brandschaden im Frontbereich des Fahrzeuges verursachte einen <a class=\"mh-excerpt-more\" href=\"https:\/\/www.studiogera.de\/001\/2025\/01\/02\/fahrzeug-in-debschwitz-in-brand-gesetzt\/\" title=\"FAHRZEUG IN DEBSCHWITZ IN BRAND GESETZT\">[&#8230;]<\/a><\/p>\n<\/div>","protected":false},"author":2,"featured_media":9362,"comment_status":"open","ping_status":"open","sticky":false,"template":"","format":"standard","meta":{"footnotes":""},"categories":[13],"tags":[],"class_list":{"0":"post-35239","1":"post","2":"type-post","3":"status-publish","4":"format-standard","5":"has-post-thumbnail","7":"category-polizeiberichte"},"_links":{"self":[{"href":"https:\/\/www.studiogera.de\/001\/wp-json\/wp\/v2\/posts\/35239","targetHints":{"allow":["GET"]}}],"collection":[{"href":"https:\/\/www.studiogera.de\/001\/wp-json\/wp\/v2\/posts"}],"about":[{"href":"https:\/\/www.studiogera.de\/001\/wp-json\/wp\/v2\/types\/post"}],"author":[{"embeddable":true,"href":"https:\/\/www.studiogera.de\/001\/wp-json\/wp\/v2\/users\/2"}],"replies":[{"embeddable":true,"href":"https:\/\/www.studiogera.de\/001\/wp-json\/wp\/v2\/comments?post=35239"}],"version-history":[{"count":1,"href":"https:\/\/www.studiogera.de\/001\/wp-json\/wp\/v2\/posts\/35239\/revisions"}],"predecessor-version":[{"id":35240,"href":"https:\/\/www.studiogera.de\/001\/wp-json\/wp\/v2\/posts\/35239\/revisions\/35240"}],"wp:featuredmedia":[{"embeddable":true,"href":"https:\/\/www.studiogera.de\/001\/wp-json\/wp\/v2\/media\/9362"}],"wp:attachment":[{"href":"https:\/\/www.studiogera.de\/001\/wp-json\/wp\/v2\/media?parent=35239"}],"wp:term":[{"taxonomy":"category","embeddable":true,"href":"https:\/\/www.studiogera.de\/001\/wp-json\/wp\/v2\/categories?post=35239"},{"taxonomy":"post_tag","embeddable":true,"href":"https:\/\/www.studiogera.de\/001\/wp-json\/wp\/v2\/tags?post=35239"}],"curies":[{"name":"wp","href":"https:\/\/api.w.org\/{rel}","templated":true}]}}