{"id":35247,"date":"2025-01-03T10:10:00","date_gmt":"2025-01-03T09:10:00","guid":{"rendered":"https:\/\/www.studiogera.de\/001\/?p=35247"},"modified":"2025-01-02T17:30:25","modified_gmt":"2025-01-02T16:30:25","slug":"rucksack-aus-pkw-in-der-dehmelstrasse-entwendet","status":"publish","type":"post","link":"https:\/\/www.studiogera.de\/001\/2025\/01\/03\/rucksack-aus-pkw-in-der-dehmelstrasse-entwendet\/","title":{"rendered":"RUCKSACK AUS PKW IN DER DEHMELSTRASSE ENTWENDET"},"content":{"rendered":"\n<p>Unbekannte T\u00e4ter schlugen am 30. Dezember 2024 zwischen 16 Uhr und 16.15 Uhr mittels unbekannten Werkzeuges die Seitenscheibe eines PKW Hyundai in der Dehmelstra\u00dfe ein. Die T\u00e4ter entwendeten aus dem Fahrzeug der 75-j\u00e4hrigen Eigent\u00fcmerin einen Rucksack mit privaten Gegenst\u00e4nden sowie Geldkarten. Die Geraer Polizei bittet Zeugen des Geschehens, sich unter der Rufnummer +493658290 zu melden. Am Telefon ist die Bezugsnummer 0334238\/2024 anzugeben.<\/p>\n","protected":false},"excerpt":{"rendered":"<div class=\"mh-excerpt\"><p>Unbekannte T\u00e4ter schlugen am 30. Dezember 2024 zwischen 16 Uhr und 16.15 Uhr mittels unbekannten Werkzeuges die Seitenscheibe eines PKW Hyundai in der Dehmelstra\u00dfe ein. Die T\u00e4ter entwendeten aus dem Fahrzeug der 75-j\u00e4hrigen Eigent\u00fcmerin einen <a class=\"mh-excerpt-more\" href=\"https:\/\/www.studiogera.de\/001\/2025\/01\/03\/rucksack-aus-pkw-in-der-dehmelstrasse-entwendet\/\" title=\"RUCKSACK AUS PKW IN DER DEHMELSTRASSE ENTWENDET\">[&#8230;]<\/a><\/p>\n<\/div>","protected":false},"author":2,"featured_media":22581,"comment_status":"open","ping_status":"open","sticky":false,"template":"","format":"standard","meta":{"footnotes":""},"categories":[13],"tags":[],"class_list":{"0":"post-35247","1":"post","2":"type-post","3":"status-publish","4":"format-standard","5":"has-post-thumbnail","7":"category-polizeiberichte"},"_links":{"self":[{"href":"https:\/\/www.studiogera.de\/001\/wp-json\/wp\/v2\/posts\/35247","targetHints":{"allow":["GET"]}}],"collection":[{"href":"https:\/\/www.studiogera.de\/001\/wp-json\/wp\/v2\/posts"}],"about":[{"href":"https:\/\/www.studiogera.de\/001\/wp-json\/wp\/v2\/types\/post"}],"author":[{"embeddable":true,"href":"https:\/\/www.studiogera.de\/001\/wp-json\/wp\/v2\/users\/2"}],"replies":[{"embeddable":true,"href":"https:\/\/www.studiogera.de\/001\/wp-json\/wp\/v2\/comments?post=35247"}],"version-history":[{"count":1,"href":"https:\/\/www.studiogera.de\/001\/wp-json\/wp\/v2\/posts\/35247\/revisions"}],"predecessor-version":[{"id":35248,"href":"https:\/\/www.studiogera.de\/001\/wp-json\/wp\/v2\/posts\/35247\/revisions\/35248"}],"wp:featuredmedia":[{"embeddable":true,"href":"https:\/\/www.studiogera.de\/001\/wp-json\/wp\/v2\/media\/22581"}],"wp:attachment":[{"href":"https:\/\/www.studiogera.de\/001\/wp-json\/wp\/v2\/media?parent=35247"}],"wp:term":[{"taxonomy":"category","embeddable":true,"href":"https:\/\/www.studiogera.de\/001\/wp-json\/wp\/v2\/categories?post=35247"},{"taxonomy":"post_tag","embeddable":true,"href":"https:\/\/www.studiogera.de\/001\/wp-json\/wp\/v2\/tags?post=35247"}],"curies":[{"name":"wp","href":"https:\/\/api.w.org\/{rel}","templated":true}]}}