{"id":35260,"date":"2025-01-03T22:11:54","date_gmt":"2025-01-03T21:11:54","guid":{"rendered":"https:\/\/www.studiogera.de\/001\/?p=35260"},"modified":"2025-01-03T22:12:48","modified_gmt":"2025-01-03T21:12:48","slug":"zunehmende-verunsicherung-bei-den-stromkunden","status":"publish","type":"post","link":"https:\/\/www.studiogera.de\/001\/2025\/01\/03\/zunehmende-verunsicherung-bei-den-stromkunden\/","title":{"rendered":"ZUNEHMENDE VERUNSICHERUNG BEI DEN STROMKUNDEN"},"content":{"rendered":"\n<p>Die Meldungen \u00fcber Stromausf\u00e4lle h\u00e4ufen sich. Zuletzt wurde \u00fcber einen fl\u00e4chendeckenden Ausfall im Landkreis Kronach in der Silvesternacht berichtet, wo auch ein Glasproduzent betroffen war. Gleichzeitig werden die B\u00fcrger immer eindringlicher ermuntert, sich mit dem Thema zu besch\u00e4ftigen und Vorsorge zu treffen. Das verunsichert viele Menschen derzeit, obwohl der genannte \u00dcberbr\u00fcckungszeitraum in den vergangenen Jahrzehnten kleiner geworden ist. Im Jahre 1981 beispielsweise wurde den privaten Haushalten geraten, f\u00fcr Krisenzeiten einen \u201egeeigneten Vorrat an Lebensmitteln f\u00fcr etwa zwei bis drei Wochen\u201d anzulegen.<\/p>\n\n\n\n<p>In der Zeitung \u201eBild\u201d erschien am 3. Dezember 2024 ein Artikel mit der Frage, was zu tun ist, wenn der Strom mehrere Tage lang ausf\u00e4llt, die Lieferketten zusammenbrechen und Superm\u00e4rkte geschlossen sind. Darin kommt der Pr\u00e4sident des Medizinischen Katastrophenhilfswerks Robert Schmitt zu Wort. Er empfiehlt Vorr\u00e4te f\u00fcr mindestens zehn Tage. Das Bundesamt f\u00fcr Bev\u00f6lkerungsschutz und Katastrophenhilfe nennt mindestens drei Tage.<\/p>\n\n\n\n<p>M\u00f6glicherweise wird die Stromversorgung durch die Transformation immer schwieriger. In Baden-W\u00fcrttemberg wurden die Menschen am 3. Januar 2025 aufgefordert, in der Zeit von 8 Uhr bis 11 Uhr ihren Verbrauch deutlich einzuschr\u00e4nken, weil die Transportkapazit\u00e4ten der vom Norden in den S\u00fcdwesten Deutschlands f\u00fchrenden Leitungen stark ausgelastet war. Wasch- und Sp\u00fclmaschinen, Herde, Back\u00f6fen, Trockner, Elektroheizungen sollten nach M\u00f6glichkeit nicht genutzt, und Akkumulatoren nicht geladen werden. Um das Netz zu stabilisieren, mussten gro\u00dfe Mengen an Elektrizit\u00e4t aus konventionellen ausl\u00e4ndischen Kraftwerken bezogen werden. Diese Importe haben zugenommen und \u00fcbersteigen deutlich die Exporte.<\/p>\n\n\n\n<p>Die Bundesregierung plant mehrere Ma\u00dfnahmen zur Sicherung der Stromversorgung in Deutschland. Dazu geh\u00f6rt eine neue Kraftwerksstrategie, ein beschleunigter Ausbau erneuerbarer Energien, insbesondere Windkraft an Land mit j\u00e4hrlichem Zuwachs von zehn Gigawatt installierter Leistung, au\u00dferdem der Ausbau und die Modernisierung der Stromnetze, die Einf\u00fchrung eines umfassenden Kapazit\u00e4tsmechanismus ab 2028, und die Verabschiedung von Energiesparverordnungen zur kurzfristigen Sicherung der Energieversorgung.<\/p>\n","protected":false},"excerpt":{"rendered":"<div class=\"mh-excerpt\"><p>Die Meldungen \u00fcber Stromausf\u00e4lle h\u00e4ufen sich. Zuletzt wurde \u00fcber einen fl\u00e4chendeckenden Ausfall im Landkreis Kronach in der Silvesternacht berichtet, wo auch ein Glasproduzent betroffen war. Gleichzeitig werden die B\u00fcrger immer eindringlicher ermuntert, sich mit dem <a class=\"mh-excerpt-more\" href=\"https:\/\/www.studiogera.de\/001\/2025\/01\/03\/zunehmende-verunsicherung-bei-den-stromkunden\/\" title=\"ZUNEHMENDE VERUNSICHERUNG BEI DEN STROMKUNDEN\">[&#8230;]<\/a><\/p>\n<\/div>","protected":false},"author":2,"featured_media":35261,"comment_status":"open","ping_status":"open","sticky":false,"template":"","format":"standard","meta":{"footnotes":""},"categories":[1],"tags":[],"class_list":{"0":"post-35260","1":"post","2":"type-post","3":"status-publish","4":"format-standard","5":"has-post-thumbnail","7":"category-vermischtes"},"_links":{"self":[{"href":"https:\/\/www.studiogera.de\/001\/wp-json\/wp\/v2\/posts\/35260","targetHints":{"allow":["GET"]}}],"collection":[{"href":"https:\/\/www.studiogera.de\/001\/wp-json\/wp\/v2\/posts"}],"about":[{"href":"https:\/\/www.studiogera.de\/001\/wp-json\/wp\/v2\/types\/post"}],"author":[{"embeddable":true,"href":"https:\/\/www.studiogera.de\/001\/wp-json\/wp\/v2\/users\/2"}],"replies":[{"embeddable":true,"href":"https:\/\/www.studiogera.de\/001\/wp-json\/wp\/v2\/comments?post=35260"}],"version-history":[{"count":2,"href":"https:\/\/www.studiogera.de\/001\/wp-json\/wp\/v2\/posts\/35260\/revisions"}],"predecessor-version":[{"id":35263,"href":"https:\/\/www.studiogera.de\/001\/wp-json\/wp\/v2\/posts\/35260\/revisions\/35263"}],"wp:featuredmedia":[{"embeddable":true,"href":"https:\/\/www.studiogera.de\/001\/wp-json\/wp\/v2\/media\/35261"}],"wp:attachment":[{"href":"https:\/\/www.studiogera.de\/001\/wp-json\/wp\/v2\/media?parent=35260"}],"wp:term":[{"taxonomy":"category","embeddable":true,"href":"https:\/\/www.studiogera.de\/001\/wp-json\/wp\/v2\/categories?post=35260"},{"taxonomy":"post_tag","embeddable":true,"href":"https:\/\/www.studiogera.de\/001\/wp-json\/wp\/v2\/tags?post=35260"}],"curies":[{"name":"wp","href":"https:\/\/api.w.org\/{rel}","templated":true}]}}