{"id":35268,"date":"2025-01-04T22:56:13","date_gmt":"2025-01-04T21:56:13","guid":{"rendered":"https:\/\/www.studiogera.de\/001\/?p=35268"},"modified":"2025-01-04T22:56:14","modified_gmt":"2025-01-04T21:56:14","slug":"fahrzeug-in-der-schleizer-strasse-entwendet","status":"publish","type":"post","link":"https:\/\/www.studiogera.de\/001\/2025\/01\/04\/fahrzeug-in-der-schleizer-strasse-entwendet\/","title":{"rendered":"FAHRZEUG IN DER SCHLEIZER STRASSE ENTWENDET"},"content":{"rendered":"\n<p>Der 69-j\u00e4hrige Eigent\u00fcmer eines PKW Audi stellte bereits am 23. Dezember 2024 fest, dass sein Audi A4, Baujahr 2009, Farbe grau, amtliches Kennzeichen G-DH ***, Wert etwa 10&#8217;000 Euro, entwendet worden war. Der Mann, welcher aus gesundheitlichen Gr\u00fcnden erst jetzt Anzeige erstatten konnte, stellte sein Fahrzeug am 21. Dezember 2024 in der Schleizer Stra\u00dfe unverschlossen und mit steckenden Fahrzeugschl\u00fcssel ab, woraufhin unbekannte T\u00e4ter das Fahrzeug unberechtigt entwendeten. Die Geraer Polizei hat die Ermittlungen aufgenommen und bittet Zeugen, welche Hinweise zum Standort des Fahrzeuges machen k\u00f6nnen, sich unter der Rufnummer +493658290 zu melden. Am Telefon ist die Bezugsnummer 0001062\/2025 anzugeben.<\/p>\n","protected":false},"excerpt":{"rendered":"<div class=\"mh-excerpt\"><p>Der 69-j\u00e4hrige Eigent\u00fcmer eines PKW Audi stellte bereits am 23. Dezember 2024 fest, dass sein Audi A4, Baujahr 2009, Farbe grau, amtliches Kennzeichen G-DH ***, Wert etwa 10&#8217;000 Euro, entwendet worden war. Der Mann, welcher <a class=\"mh-excerpt-more\" href=\"https:\/\/www.studiogera.de\/001\/2025\/01\/04\/fahrzeug-in-der-schleizer-strasse-entwendet\/\" title=\"FAHRZEUG IN DER SCHLEIZER STRASSE ENTWENDET\">[&#8230;]<\/a><\/p>\n<\/div>","protected":false},"author":2,"featured_media":9356,"comment_status":"open","ping_status":"open","sticky":false,"template":"","format":"standard","meta":{"footnotes":""},"categories":[13],"tags":[],"class_list":{"0":"post-35268","1":"post","2":"type-post","3":"status-publish","4":"format-standard","5":"has-post-thumbnail","7":"category-polizeiberichte"},"_links":{"self":[{"href":"https:\/\/www.studiogera.de\/001\/wp-json\/wp\/v2\/posts\/35268","targetHints":{"allow":["GET"]}}],"collection":[{"href":"https:\/\/www.studiogera.de\/001\/wp-json\/wp\/v2\/posts"}],"about":[{"href":"https:\/\/www.studiogera.de\/001\/wp-json\/wp\/v2\/types\/post"}],"author":[{"embeddable":true,"href":"https:\/\/www.studiogera.de\/001\/wp-json\/wp\/v2\/users\/2"}],"replies":[{"embeddable":true,"href":"https:\/\/www.studiogera.de\/001\/wp-json\/wp\/v2\/comments?post=35268"}],"version-history":[{"count":1,"href":"https:\/\/www.studiogera.de\/001\/wp-json\/wp\/v2\/posts\/35268\/revisions"}],"predecessor-version":[{"id":35269,"href":"https:\/\/www.studiogera.de\/001\/wp-json\/wp\/v2\/posts\/35268\/revisions\/35269"}],"wp:featuredmedia":[{"embeddable":true,"href":"https:\/\/www.studiogera.de\/001\/wp-json\/wp\/v2\/media\/9356"}],"wp:attachment":[{"href":"https:\/\/www.studiogera.de\/001\/wp-json\/wp\/v2\/media?parent=35268"}],"wp:term":[{"taxonomy":"category","embeddable":true,"href":"https:\/\/www.studiogera.de\/001\/wp-json\/wp\/v2\/categories?post=35268"},{"taxonomy":"post_tag","embeddable":true,"href":"https:\/\/www.studiogera.de\/001\/wp-json\/wp\/v2\/tags?post=35268"}],"curies":[{"name":"wp","href":"https:\/\/api.w.org\/{rel}","templated":true}]}}