{"id":35274,"date":"2025-01-04T23:08:08","date_gmt":"2025-01-04T22:08:08","guid":{"rendered":"https:\/\/www.studiogera.de\/001\/?p=35274"},"modified":"2025-01-04T23:08:09","modified_gmt":"2025-01-04T22:08:09","slug":"zwei-versammlungen-am-4-januar-2025","status":"publish","type":"post","link":"https:\/\/www.studiogera.de\/001\/2025\/01\/04\/zwei-versammlungen-am-4-januar-2025\/","title":{"rendered":"ZWEI VERSAMMLUNGEN AM 4. JANUAR 2025"},"content":{"rendered":"\n<p>Der Inspektionsdienst Gera sicherte heute mit Unterst\u00fctzung der Bereitschaftspolizei Th\u00fcringen zwei Versammlungen im Stadtgebiet ab. Die allgemeinkritische Versammlung f\u00fchrte einen Aufzug durch das Stadtgebiet mit zirka 540 Teilnehmern durch. An der Gegenversammlung vor dem Geraer Theater nahmen 40 Personen teil. Aus dem Bereich der Gegenversammlung wurde ein Schneeball auf einen Pressevertreter geworfen. Die Anzeige sowie ein versammlungsrechtlicher Versto\u00df wurden durch die Polizei aufgenommen.<\/p>\n","protected":false},"excerpt":{"rendered":"<div class=\"mh-excerpt\"><p>Der Inspektionsdienst Gera sicherte heute mit Unterst\u00fctzung der Bereitschaftspolizei Th\u00fcringen zwei Versammlungen im Stadtgebiet ab. Die allgemeinkritische Versammlung f\u00fchrte einen Aufzug durch das Stadtgebiet mit zirka 540 Teilnehmern durch. An der Gegenversammlung vor dem Geraer <a class=\"mh-excerpt-more\" href=\"https:\/\/www.studiogera.de\/001\/2025\/01\/04\/zwei-versammlungen-am-4-januar-2025\/\" title=\"ZWEI VERSAMMLUNGEN AM 4. JANUAR 2025\">[&#8230;]<\/a><\/p>\n<\/div>","protected":false},"author":2,"featured_media":33265,"comment_status":"open","ping_status":"open","sticky":false,"template":"","format":"standard","meta":{"footnotes":""},"categories":[13],"tags":[],"class_list":{"0":"post-35274","1":"post","2":"type-post","3":"status-publish","4":"format-standard","5":"has-post-thumbnail","7":"category-polizeiberichte"},"_links":{"self":[{"href":"https:\/\/www.studiogera.de\/001\/wp-json\/wp\/v2\/posts\/35274","targetHints":{"allow":["GET"]}}],"collection":[{"href":"https:\/\/www.studiogera.de\/001\/wp-json\/wp\/v2\/posts"}],"about":[{"href":"https:\/\/www.studiogera.de\/001\/wp-json\/wp\/v2\/types\/post"}],"author":[{"embeddable":true,"href":"https:\/\/www.studiogera.de\/001\/wp-json\/wp\/v2\/users\/2"}],"replies":[{"embeddable":true,"href":"https:\/\/www.studiogera.de\/001\/wp-json\/wp\/v2\/comments?post=35274"}],"version-history":[{"count":1,"href":"https:\/\/www.studiogera.de\/001\/wp-json\/wp\/v2\/posts\/35274\/revisions"}],"predecessor-version":[{"id":35275,"href":"https:\/\/www.studiogera.de\/001\/wp-json\/wp\/v2\/posts\/35274\/revisions\/35275"}],"wp:featuredmedia":[{"embeddable":true,"href":"https:\/\/www.studiogera.de\/001\/wp-json\/wp\/v2\/media\/33265"}],"wp:attachment":[{"href":"https:\/\/www.studiogera.de\/001\/wp-json\/wp\/v2\/media?parent=35274"}],"wp:term":[{"taxonomy":"category","embeddable":true,"href":"https:\/\/www.studiogera.de\/001\/wp-json\/wp\/v2\/categories?post=35274"},{"taxonomy":"post_tag","embeddable":true,"href":"https:\/\/www.studiogera.de\/001\/wp-json\/wp\/v2\/tags?post=35274"}],"curies":[{"name":"wp","href":"https:\/\/api.w.org\/{rel}","templated":true}]}}