{"id":35283,"date":"2025-01-05T09:18:58","date_gmt":"2025-01-05T08:18:58","guid":{"rendered":"https:\/\/www.studiogera.de\/001\/?p=35283"},"modified":"2025-01-05T09:18:59","modified_gmt":"2025-01-05T08:18:59","slug":"bericht-der-feuerwehr-zum-einsatz-in-den-gera-arcaden","status":"publish","type":"post","link":"https:\/\/www.studiogera.de\/001\/2025\/01\/05\/bericht-der-feuerwehr-zum-einsatz-in-den-gera-arcaden\/","title":{"rendered":"BERICHT DER FEUERWEHR ZUM EINSATZ IN DEN GERA-ARCADEN"},"content":{"rendered":"\n<p>Am 4. Januar 2025 wurde der Gefahrgutzug der Feuerwehr Gera, der ELW, das TLF, gemeinsam mit den hauptamtlichen Kr\u00e4ften, die FF Weida mit dem Dekon P, sowie den FF Frankenthal und Aga zu einem gemeldeten Reizgasaustritt in die Gera-Acarden alarmiert. Am Einsatzort best\u00e4tigte sich folgende Lage. In einem ans\u00e4ssigen Markt wurde Reizgas verspr\u00fcht und Kunden klagten \u00fcber Atemwegsbeschwerden. Durch die L\u00fcftungsanlage im Geb\u00e4ude konnte z\u00fcgig die kontaminierte Luft abziehen. Elf Personen wurden den eingesetzten Rettungsdiensten \u00fcbergeben; neun von ihnen wurden ins Krankenhaus verbracht. Ebenfalls alarmiert wurde die SEG aufgrund der Anzahl der Verletzten. F\u00fcr die Feuerwehr bestand kein weiterer Handlungsbedarf, sodass alle zur\u00fcck in ihrer Wachen konnten.<\/p>\n","protected":false},"excerpt":{"rendered":"<div class=\"mh-excerpt\"><p>Am 4. Januar 2025 wurde der Gefahrgutzug der Feuerwehr Gera, der ELW, das TLF, gemeinsam mit den hauptamtlichen Kr\u00e4ften, die FF Weida mit dem Dekon P, sowie den FF Frankenthal und Aga zu einem gemeldeten <a class=\"mh-excerpt-more\" href=\"https:\/\/www.studiogera.de\/001\/2025\/01\/05\/bericht-der-feuerwehr-zum-einsatz-in-den-gera-arcaden\/\" title=\"BERICHT DER FEUERWEHR ZUM EINSATZ IN DEN GERA-ARCADEN\">[&#8230;]<\/a><\/p>\n<\/div>","protected":false},"author":2,"featured_media":11738,"comment_status":"open","ping_status":"open","sticky":false,"template":"","format":"standard","meta":{"footnotes":""},"categories":[13],"tags":[],"class_list":{"0":"post-35283","1":"post","2":"type-post","3":"status-publish","4":"format-standard","5":"has-post-thumbnail","7":"category-polizeiberichte"},"_links":{"self":[{"href":"https:\/\/www.studiogera.de\/001\/wp-json\/wp\/v2\/posts\/35283","targetHints":{"allow":["GET"]}}],"collection":[{"href":"https:\/\/www.studiogera.de\/001\/wp-json\/wp\/v2\/posts"}],"about":[{"href":"https:\/\/www.studiogera.de\/001\/wp-json\/wp\/v2\/types\/post"}],"author":[{"embeddable":true,"href":"https:\/\/www.studiogera.de\/001\/wp-json\/wp\/v2\/users\/2"}],"replies":[{"embeddable":true,"href":"https:\/\/www.studiogera.de\/001\/wp-json\/wp\/v2\/comments?post=35283"}],"version-history":[{"count":1,"href":"https:\/\/www.studiogera.de\/001\/wp-json\/wp\/v2\/posts\/35283\/revisions"}],"predecessor-version":[{"id":35284,"href":"https:\/\/www.studiogera.de\/001\/wp-json\/wp\/v2\/posts\/35283\/revisions\/35284"}],"wp:featuredmedia":[{"embeddable":true,"href":"https:\/\/www.studiogera.de\/001\/wp-json\/wp\/v2\/media\/11738"}],"wp:attachment":[{"href":"https:\/\/www.studiogera.de\/001\/wp-json\/wp\/v2\/media?parent=35283"}],"wp:term":[{"taxonomy":"category","embeddable":true,"href":"https:\/\/www.studiogera.de\/001\/wp-json\/wp\/v2\/categories?post=35283"},{"taxonomy":"post_tag","embeddable":true,"href":"https:\/\/www.studiogera.de\/001\/wp-json\/wp\/v2\/tags?post=35283"}],"curies":[{"name":"wp","href":"https:\/\/api.w.org\/{rel}","templated":true}]}}