{"id":35948,"date":"2025-02-15T22:33:15","date_gmt":"2025-02-15T21:33:15","guid":{"rendered":"https:\/\/www.studiogera.de\/001\/?p=35948"},"modified":"2025-02-15T22:33:16","modified_gmt":"2025-02-15T21:33:16","slug":"geplanter-schwerlasttransport-am-16-februar-2025","status":"publish","type":"post","link":"https:\/\/www.studiogera.de\/001\/2025\/02\/15\/geplanter-schwerlasttransport-am-16-februar-2025\/","title":{"rendered":"GEPLANTER SCHWERLASTTRANSPORT AM 16. FEBRUAR 2025"},"content":{"rendered":"\n<p>Aufgrund eines bevorstehenden Schwerlasttransportes am Sonntag, den 16. Februar 2025, wird es in der Zeit zwischen 13 Uhr und 19 Uhr zu Verkehrsbehinderungen mit Vollsperrungen in Weida auf den Bundesstra\u00dfen 92 und 175 in und aus Richtung Gera kommen. Aufgestellte Vorwarntafeln k\u00fcndigen diese tempor\u00e4re Sperrung an. Transportiert wird ein Transformator.<\/p>\n\n\n\n<p>Fahrzeugf\u00fchrer, insbesondere ortskundige Verkehrsteilnehmer werden gebeten, den Bereich weitr\u00e4umig zu umfahren. Die Absperrung, Ableitung und Regulierung des Stra\u00dfenverkehrs, sowie die Begleitung des Schwerlasttransportes erfolgt durch die zust\u00e4ndige Polizeidienststelle.<\/p>\n","protected":false},"excerpt":{"rendered":"<div class=\"mh-excerpt\"><p>Aufgrund eines bevorstehenden Schwerlasttransportes am Sonntag, den 16. Februar 2025, wird es in der Zeit zwischen 13 Uhr und 19 Uhr zu Verkehrsbehinderungen mit Vollsperrungen in Weida auf den Bundesstra\u00dfen 92 und 175 in und <a class=\"mh-excerpt-more\" href=\"https:\/\/www.studiogera.de\/001\/2025\/02\/15\/geplanter-schwerlasttransport-am-16-februar-2025\/\" title=\"GEPLANTER SCHWERLASTTRANSPORT AM 16. FEBRUAR 2025\">[&#8230;]<\/a><\/p>\n<\/div>","protected":false},"author":2,"featured_media":9353,"comment_status":"open","ping_status":"open","sticky":false,"template":"","format":"standard","meta":{"footnotes":""},"categories":[13],"tags":[],"class_list":{"0":"post-35948","1":"post","2":"type-post","3":"status-publish","4":"format-standard","5":"has-post-thumbnail","7":"category-polizeiberichte"},"_links":{"self":[{"href":"https:\/\/www.studiogera.de\/001\/wp-json\/wp\/v2\/posts\/35948","targetHints":{"allow":["GET"]}}],"collection":[{"href":"https:\/\/www.studiogera.de\/001\/wp-json\/wp\/v2\/posts"}],"about":[{"href":"https:\/\/www.studiogera.de\/001\/wp-json\/wp\/v2\/types\/post"}],"author":[{"embeddable":true,"href":"https:\/\/www.studiogera.de\/001\/wp-json\/wp\/v2\/users\/2"}],"replies":[{"embeddable":true,"href":"https:\/\/www.studiogera.de\/001\/wp-json\/wp\/v2\/comments?post=35948"}],"version-history":[{"count":1,"href":"https:\/\/www.studiogera.de\/001\/wp-json\/wp\/v2\/posts\/35948\/revisions"}],"predecessor-version":[{"id":35949,"href":"https:\/\/www.studiogera.de\/001\/wp-json\/wp\/v2\/posts\/35948\/revisions\/35949"}],"wp:featuredmedia":[{"embeddable":true,"href":"https:\/\/www.studiogera.de\/001\/wp-json\/wp\/v2\/media\/9353"}],"wp:attachment":[{"href":"https:\/\/www.studiogera.de\/001\/wp-json\/wp\/v2\/media?parent=35948"}],"wp:term":[{"taxonomy":"category","embeddable":true,"href":"https:\/\/www.studiogera.de\/001\/wp-json\/wp\/v2\/categories?post=35948"},{"taxonomy":"post_tag","embeddable":true,"href":"https:\/\/www.studiogera.de\/001\/wp-json\/wp\/v2\/tags?post=35948"}],"curies":[{"name":"wp","href":"https:\/\/api.w.org\/{rel}","templated":true}]}}