{"id":35983,"date":"2025-02-19T01:10:47","date_gmt":"2025-02-19T00:10:47","guid":{"rendered":"https:\/\/www.studiogera.de\/001\/?p=35983"},"modified":"2025-02-19T01:10:49","modified_gmt":"2025-02-19T00:10:49","slug":"einbruch-am-thraenitzer-berg","status":"publish","type":"post","link":"https:\/\/www.studiogera.de\/001\/2025\/02\/19\/einbruch-am-thraenitzer-berg\/","title":{"rendered":"EINBRUCH AM THR\u00c4NITZER BERG"},"content":{"rendered":"\n<p>Den Einbruch in ein Einfamilienhaus meldete am Wochenende eine Verantwortliche der Geraer Polizei. Offenbar verschafften sich unbekannte T\u00e4ter unberechtigt Zutritt zu dem derzeit nicht bewohnten Haus Am Thr\u00e4nitzer Berg und verursachten im Inneren Sachsch\u00e4den an einer T\u00fcr. Die Tat ereignete sich nach derzeitigen Erkenntnissen zwischen dem 30. Dezember 2024 und dem 14. Februar 2025. Ob die T\u00e4ter Beute machten, ist unklar. Die Geraer Polizei, erreichbar unter der Rufnummer +493658290, ermittelt nun dazu und sucht nach Zeugen, die Hinweise zur Tat geben k\u00f6nnen. Die Polizei bittet um Angabe der Bezugsnummer 0040881\/2025.<\/p>\n","protected":false},"excerpt":{"rendered":"<div class=\"mh-excerpt\"><p>Den Einbruch in ein Einfamilienhaus meldete am Wochenende eine Verantwortliche der Geraer Polizei. Offenbar verschafften sich unbekannte T\u00e4ter unberechtigt Zutritt zu dem derzeit nicht bewohnten Haus Am Thr\u00e4nitzer Berg und verursachten im Inneren Sachsch\u00e4den an <a class=\"mh-excerpt-more\" href=\"https:\/\/www.studiogera.de\/001\/2025\/02\/19\/einbruch-am-thraenitzer-berg\/\" title=\"EINBRUCH AM THR\u00c4NITZER BERG\">[&#8230;]<\/a><\/p>\n<\/div>","protected":false},"author":2,"featured_media":9353,"comment_status":"open","ping_status":"open","sticky":false,"template":"","format":"standard","meta":{"footnotes":""},"categories":[13],"tags":[],"class_list":{"0":"post-35983","1":"post","2":"type-post","3":"status-publish","4":"format-standard","5":"has-post-thumbnail","7":"category-polizeiberichte"},"_links":{"self":[{"href":"https:\/\/www.studiogera.de\/001\/wp-json\/wp\/v2\/posts\/35983","targetHints":{"allow":["GET"]}}],"collection":[{"href":"https:\/\/www.studiogera.de\/001\/wp-json\/wp\/v2\/posts"}],"about":[{"href":"https:\/\/www.studiogera.de\/001\/wp-json\/wp\/v2\/types\/post"}],"author":[{"embeddable":true,"href":"https:\/\/www.studiogera.de\/001\/wp-json\/wp\/v2\/users\/2"}],"replies":[{"embeddable":true,"href":"https:\/\/www.studiogera.de\/001\/wp-json\/wp\/v2\/comments?post=35983"}],"version-history":[{"count":1,"href":"https:\/\/www.studiogera.de\/001\/wp-json\/wp\/v2\/posts\/35983\/revisions"}],"predecessor-version":[{"id":35984,"href":"https:\/\/www.studiogera.de\/001\/wp-json\/wp\/v2\/posts\/35983\/revisions\/35984"}],"wp:featuredmedia":[{"embeddable":true,"href":"https:\/\/www.studiogera.de\/001\/wp-json\/wp\/v2\/media\/9353"}],"wp:attachment":[{"href":"https:\/\/www.studiogera.de\/001\/wp-json\/wp\/v2\/media?parent=35983"}],"wp:term":[{"taxonomy":"category","embeddable":true,"href":"https:\/\/www.studiogera.de\/001\/wp-json\/wp\/v2\/categories?post=35983"},{"taxonomy":"post_tag","embeddable":true,"href":"https:\/\/www.studiogera.de\/001\/wp-json\/wp\/v2\/tags?post=35983"}],"curies":[{"name":"wp","href":"https:\/\/api.w.org\/{rel}","templated":true}]}}