{"id":35993,"date":"2025-02-20T07:34:33","date_gmt":"2025-02-20T06:34:33","guid":{"rendered":"https:\/\/www.studiogera.de\/001\/?p=35993"},"modified":"2025-02-20T07:34:34","modified_gmt":"2025-02-20T06:34:34","slug":"buchlesung-mit-bernd-kempter-in-der-bibliothek","status":"publish","type":"post","link":"https:\/\/www.studiogera.de\/001\/2025\/02\/20\/buchlesung-mit-bernd-kempter-in-der-bibliothek\/","title":{"rendered":"BUCHLESUNG MIT BERND KEMPTER IN DER BIBLIOTHEK"},"content":{"rendered":"\n<p>Zu einem \u201eWeltfrauentag spezial\u201d liest Bernd Kemter bereits am Dienstag, den 4. M\u00e4rz um 15 Uhr, in der Geraer Bibliothek am Puschkinplatz aus seiner Brieferz\u00e4hlung \u00fcber Dorothea von Schl\u00f6zer. Der Eintritt ist frei.<\/p>\n\n\n\n<p>Am Dienstag, den 4. M\u00e4rz 2025, ist Bernd Kemter ab 15 Uhr zu Gast in der Bibliothek am Puschkinplatz mit seiner Brieferz\u00e4hlung \u00fcber eine erstaunliche Frau. Denn der besondere \u201eTreffpunkt Bibliothek\u201d steht im Zeichen des bevorstehenden Weltfrauentags, welcher j\u00e4hrlich am 8. M\u00e4rz begangen wird.<\/p>\n\n\n\n<p>Wer h\u00e4tte das gedacht? Am Ende des 18. Jahrhunderts erringt eine Heranwachsende eine hohe Ehre; dank ihrer beeindruckenden Bildung wird Dorothea von Schl\u00f6zer die Doktorw\u00fcrde in Philosophie verliehen. Damit ist sie nach Dorothea Christiane von Erxleben (Medizin) die zweite Frau in Deutschland, der ein akademischer Grad zuteilwird; erst 150 Jahre sp\u00e4ter ist dieser Umstand kein besonderer mehr. Auch heutzutage gibt es (wieder) Stimmen, die das Dasein der Frau auf Kirche, K\u00fcche, Kinder beschr\u00e4nken wollen.<\/p>\n\n\n\n<p>Dorothea war ein fr\u00f6hliches, wissbegieriges und \u00fcberaus phantasiebegabtes Kind. Ihr Vater f\u00f6rderte sie nach Kr\u00e4ften. So sprach Dorothea schon fr\u00fch Latein, Franz\u00f6sisch, Englisch und Italienisch. Sie unternahm mit ihrem Vater mehrere Reisen. Die wichtigste war wohl ihr Aufenthalt in Italien. Das 50. Jubil\u00e4um der Georg-August-Universit\u00e4t G\u00f6ttingen und der Ehrgeiz f\u00fchrender Akademiker, dem Jubeljahr 1785 etliche Glanzlichter aufzusetzen, er\u00f6ffneten der 17-j\u00e4hrigen die damals sensationelle M\u00f6glichkeit, Examina abzulegen, um die Doktorw\u00fcrde zu erlangen. Welchen Pr\u00fcfungsfragen musste sie sich stellen? Welche Note bekam sie? Diesem Thema und viel mehr widmet sich Bernd Kemters kleine Erz\u00e4hlung.<\/p>\n\n\n\n<p>QUELLE: STADTVERWALTUNG<\/p>\n","protected":false},"excerpt":{"rendered":"<div class=\"mh-excerpt\"><p>Zu einem \u201eWeltfrauentag spezial\u201d liest Bernd Kemter bereits am Dienstag, den 4. M\u00e4rz um 15 Uhr, in der Geraer Bibliothek am Puschkinplatz aus seiner Brieferz\u00e4hlung \u00fcber Dorothea von Schl\u00f6zer. Der Eintritt ist frei. Am Dienstag, <a class=\"mh-excerpt-more\" href=\"https:\/\/www.studiogera.de\/001\/2025\/02\/20\/buchlesung-mit-bernd-kempter-in-der-bibliothek\/\" title=\"BUCHLESUNG MIT BERND KEMPTER IN DER BIBLIOTHEK\">[&#8230;]<\/a><\/p>\n<\/div>","protected":false},"author":2,"featured_media":29179,"comment_status":"open","ping_status":"open","sticky":false,"template":"","format":"standard","meta":{"footnotes":""},"categories":[8],"tags":[],"class_list":{"0":"post-35993","1":"post","2":"type-post","3":"status-publish","4":"format-standard","5":"has-post-thumbnail","7":"category-kultur"},"_links":{"self":[{"href":"https:\/\/www.studiogera.de\/001\/wp-json\/wp\/v2\/posts\/35993","targetHints":{"allow":["GET"]}}],"collection":[{"href":"https:\/\/www.studiogera.de\/001\/wp-json\/wp\/v2\/posts"}],"about":[{"href":"https:\/\/www.studiogera.de\/001\/wp-json\/wp\/v2\/types\/post"}],"author":[{"embeddable":true,"href":"https:\/\/www.studiogera.de\/001\/wp-json\/wp\/v2\/users\/2"}],"replies":[{"embeddable":true,"href":"https:\/\/www.studiogera.de\/001\/wp-json\/wp\/v2\/comments?post=35993"}],"version-history":[{"count":1,"href":"https:\/\/www.studiogera.de\/001\/wp-json\/wp\/v2\/posts\/35993\/revisions"}],"predecessor-version":[{"id":35994,"href":"https:\/\/www.studiogera.de\/001\/wp-json\/wp\/v2\/posts\/35993\/revisions\/35994"}],"wp:featuredmedia":[{"embeddable":true,"href":"https:\/\/www.studiogera.de\/001\/wp-json\/wp\/v2\/media\/29179"}],"wp:attachment":[{"href":"https:\/\/www.studiogera.de\/001\/wp-json\/wp\/v2\/media?parent=35993"}],"wp:term":[{"taxonomy":"category","embeddable":true,"href":"https:\/\/www.studiogera.de\/001\/wp-json\/wp\/v2\/categories?post=35993"},{"taxonomy":"post_tag","embeddable":true,"href":"https:\/\/www.studiogera.de\/001\/wp-json\/wp\/v2\/tags?post=35993"}],"curies":[{"name":"wp","href":"https:\/\/api.w.org\/{rel}","templated":true}]}}