{"id":35995,"date":"2025-02-20T08:02:25","date_gmt":"2025-02-20T07:02:25","guid":{"rendered":"https:\/\/www.studiogera.de\/001\/?p=35995"},"modified":"2025-02-20T08:02:26","modified_gmt":"2025-02-20T07:02:26","slug":"fuehrung-durch-die-sandmann-sonderausstellung","status":"publish","type":"post","link":"https:\/\/www.studiogera.de\/001\/2025\/02\/20\/fuehrung-durch-die-sandmann-sonderausstellung\/","title":{"rendered":"F\u00dcHRUNG DURCH DIE SANDMANN-SONDERAUSSTELLUNG"},"content":{"rendered":"\n<p>Seit 1959 begleitet das Sandm\u00e4nnchen Kinder mit fantasievollen Reisen und seiner Prise Traumsand in den Schlaf. Sein zeitloser Charme schafft eine best\u00e4ndige Abendroutine und verbindet Familien.<\/p>\n\n\n\n<p>Tauchen Sie ein in die Geschichte des Sandm\u00e4nnchens! In unserer F\u00fchrung durch die Sonderausstellung entdecken Sie Originalpuppen, Requisiten und spannende Hintergr\u00fcnde zur Kultsendung. Erfahren Sie mehr \u00fcber ihre Entstehung, Entwicklung und Magie, die seit 65 Jahren Generationen begeistert.<\/p>\n\n\n\n<p>Erleben Sie eine faszinierende Reise durch die Traumwelt des Sandm\u00e4nnchens \u2013 eine Ausstellung voller Nostalgie, Filmgeschichte und kultureller Werte.<\/p>\n\n\n\n<p>Bei \u201eGeschichte am Nachmittag\u201c handelt es sich um eine Veranstaltungsreihe des F\u00f6rdervereins Stadtmuseum Gera.<\/p>\n\n\n\n<p>QUELLE: STADTVERWALTUNG<\/p>\n","protected":false},"excerpt":{"rendered":"<div class=\"mh-excerpt\"><p>Seit 1959 begleitet das Sandm\u00e4nnchen Kinder mit fantasievollen Reisen und seiner Prise Traumsand in den Schlaf. Sein zeitloser Charme schafft eine best\u00e4ndige Abendroutine und verbindet Familien. Tauchen Sie ein in die Geschichte des Sandm\u00e4nnchens! In <a class=\"mh-excerpt-more\" href=\"https:\/\/www.studiogera.de\/001\/2025\/02\/20\/fuehrung-durch-die-sandmann-sonderausstellung\/\" title=\"F\u00dcHRUNG DURCH DIE SANDMANN-SONDERAUSSTELLUNG\">[&#8230;]<\/a><\/p>\n<\/div>","protected":false},"author":2,"featured_media":35996,"comment_status":"open","ping_status":"open","sticky":false,"template":"","format":"standard","meta":{"footnotes":""},"categories":[8],"tags":[],"class_list":{"0":"post-35995","1":"post","2":"type-post","3":"status-publish","4":"format-standard","5":"has-post-thumbnail","7":"category-kultur"},"_links":{"self":[{"href":"https:\/\/www.studiogera.de\/001\/wp-json\/wp\/v2\/posts\/35995","targetHints":{"allow":["GET"]}}],"collection":[{"href":"https:\/\/www.studiogera.de\/001\/wp-json\/wp\/v2\/posts"}],"about":[{"href":"https:\/\/www.studiogera.de\/001\/wp-json\/wp\/v2\/types\/post"}],"author":[{"embeddable":true,"href":"https:\/\/www.studiogera.de\/001\/wp-json\/wp\/v2\/users\/2"}],"replies":[{"embeddable":true,"href":"https:\/\/www.studiogera.de\/001\/wp-json\/wp\/v2\/comments?post=35995"}],"version-history":[{"count":1,"href":"https:\/\/www.studiogera.de\/001\/wp-json\/wp\/v2\/posts\/35995\/revisions"}],"predecessor-version":[{"id":35997,"href":"https:\/\/www.studiogera.de\/001\/wp-json\/wp\/v2\/posts\/35995\/revisions\/35997"}],"wp:featuredmedia":[{"embeddable":true,"href":"https:\/\/www.studiogera.de\/001\/wp-json\/wp\/v2\/media\/35996"}],"wp:attachment":[{"href":"https:\/\/www.studiogera.de\/001\/wp-json\/wp\/v2\/media?parent=35995"}],"wp:term":[{"taxonomy":"category","embeddable":true,"href":"https:\/\/www.studiogera.de\/001\/wp-json\/wp\/v2\/categories?post=35995"},{"taxonomy":"post_tag","embeddable":true,"href":"https:\/\/www.studiogera.de\/001\/wp-json\/wp\/v2\/tags?post=35995"}],"curies":[{"name":"wp","href":"https:\/\/api.w.org\/{rel}","templated":true}]}}