{"id":36152,"date":"2025-03-01T16:13:13","date_gmt":"2025-03-01T15:13:13","guid":{"rendered":"https:\/\/www.studiogera.de\/001\/?p=36152"},"modified":"2025-03-01T16:13:15","modified_gmt":"2025-03-01T15:13:15","slug":"taeter-nach-einbruch-festgestellt","status":"publish","type":"post","link":"https:\/\/www.studiogera.de\/001\/2025\/03\/01\/taeter-nach-einbruch-festgestellt\/","title":{"rendered":"T\u00c4TER NACH EINBRUCH FESTGESTELLT"},"content":{"rendered":"\n<p>Die Geraer Polizei wurde am 28. Februar 2025 kurz nach Mitternacht in die Plauensche Stra\u00dfe gerufen, da sich im Kellergeschoss eines Mehrfamilienhauses eine Person aufhalten solle. Die eintreffenden Beamten trafen in dem Wohnhaus folglich einen 37-j\u00e4hrigen Mann an. Dieser steht nun im Verdacht, gewaltsam in das Wohnhaus eingebrochen zu sein, um nach Wertgegenst\u00e4nden zu suchen. Aus einem Abstellraum des Wohnhauses versuchte er diverse Elektro-Kleinger\u00e4te zu entwenden. Unter den mitgef\u00fchrten Gegenst\u00e4nden des 37-j\u00e4hrigen Mannes konnten nebst Werkzeug auch einer geringen Menge Bet\u00e4ubungsmittel aufgefunden werden. Gegen den 37-J\u00e4hrigen wurde ein Verfahren wegen besonders schweren Fall des Diebstahls und wegen des Versto\u00dfes gegen das Bet\u00e4ubungsmittelgesetz eingeleitet.<\/p>\n","protected":false},"excerpt":{"rendered":"<div class=\"mh-excerpt\"><p>Die Geraer Polizei wurde am 28. Februar 2025 kurz nach Mitternacht in die Plauensche Stra\u00dfe gerufen, da sich im Kellergeschoss eines Mehrfamilienhauses eine Person aufhalten solle. Die eintreffenden Beamten trafen in dem Wohnhaus folglich einen <a class=\"mh-excerpt-more\" href=\"https:\/\/www.studiogera.de\/001\/2025\/03\/01\/taeter-nach-einbruch-festgestellt\/\" title=\"T\u00c4TER NACH EINBRUCH FESTGESTELLT\">[&#8230;]<\/a><\/p>\n<\/div>","protected":false},"author":2,"featured_media":22202,"comment_status":"open","ping_status":"open","sticky":false,"template":"","format":"standard","meta":{"footnotes":""},"categories":[13],"tags":[],"class_list":{"0":"post-36152","1":"post","2":"type-post","3":"status-publish","4":"format-standard","5":"has-post-thumbnail","7":"category-polizeiberichte"},"_links":{"self":[{"href":"https:\/\/www.studiogera.de\/001\/wp-json\/wp\/v2\/posts\/36152","targetHints":{"allow":["GET"]}}],"collection":[{"href":"https:\/\/www.studiogera.de\/001\/wp-json\/wp\/v2\/posts"}],"about":[{"href":"https:\/\/www.studiogera.de\/001\/wp-json\/wp\/v2\/types\/post"}],"author":[{"embeddable":true,"href":"https:\/\/www.studiogera.de\/001\/wp-json\/wp\/v2\/users\/2"}],"replies":[{"embeddable":true,"href":"https:\/\/www.studiogera.de\/001\/wp-json\/wp\/v2\/comments?post=36152"}],"version-history":[{"count":1,"href":"https:\/\/www.studiogera.de\/001\/wp-json\/wp\/v2\/posts\/36152\/revisions"}],"predecessor-version":[{"id":36153,"href":"https:\/\/www.studiogera.de\/001\/wp-json\/wp\/v2\/posts\/36152\/revisions\/36153"}],"wp:featuredmedia":[{"embeddable":true,"href":"https:\/\/www.studiogera.de\/001\/wp-json\/wp\/v2\/media\/22202"}],"wp:attachment":[{"href":"https:\/\/www.studiogera.de\/001\/wp-json\/wp\/v2\/media?parent=36152"}],"wp:term":[{"taxonomy":"category","embeddable":true,"href":"https:\/\/www.studiogera.de\/001\/wp-json\/wp\/v2\/categories?post=36152"},{"taxonomy":"post_tag","embeddable":true,"href":"https:\/\/www.studiogera.de\/001\/wp-json\/wp\/v2\/tags?post=36152"}],"curies":[{"name":"wp","href":"https:\/\/api.w.org\/{rel}","templated":true}]}}