{"id":36242,"date":"2025-03-07T14:11:32","date_gmt":"2025-03-07T13:11:32","guid":{"rendered":"https:\/\/www.studiogera.de\/001\/?p=36242"},"modified":"2025-03-07T14:11:42","modified_gmt":"2025-03-07T13:11:42","slug":"von-jahreszeiten-und-lebenszeiten","status":"publish","type":"post","link":"https:\/\/www.studiogera.de\/001\/2025\/03\/07\/von-jahreszeiten-und-lebenszeiten\/","title":{"rendered":"VON JAHRESZEITEN UND LEBENSZEITEN"},"content":{"rendered":"\n<p><em>Eine poetische Reise mit dem Literaturclub Gera k\u00f6nnen Interessierte am Donnerstag, den 20. M\u00e4rz 2025, ab 16.30 Uhr in der Bibliothek am Puschkinplatz unternehmen.<\/em><\/p>\n\n\n\n<p>Die Stadt- und Regionalbibliothek Gera l\u00e4dt am Donnerstag, 20. M\u00e4rz 2025, um 16.30 Uhr anl\u00e4sslich des Welttags der Poesie zu einer Lesung mit dem Literaturclub Gera ein.<\/p>\n\n\n\n<p>Die passionierten Hobbyautoren nehmen die Besucher mit auf eine poetische Reise. Diese beginnt mit dem Start in ein neues Jahr. Das Erleben der Jahreszeiten, das Bl\u00fchen und Wachsen der Natur begleitet von Tierbeobachtungen werden beschrieben. Erinnerungen und \u00dcberlegungen \u00fcber das Alter schlie\u00dfen sich an. Auch typisch Gersches darf dabei nicht fehlen. So werden in Mundart verfasste Gedichte gewiss das Publikum begeistern. Ein Ausflug in die Welt der Tr\u00e4ume, die Sehnsucht nach Frieden, Freiheit und gewaltfreier Ver\u00e4nderung sowie nach einem erf\u00fcllten Leben sind weitere Themen in den selbstverfassten Texten.<\/p>\n\n\n\n<p>Mit der Lesung m\u00f6chte die Geraer Bibliothek an den Welttag der Poesie erinnern, der von der Unesco initiiert seit dem Jahr 2000 j\u00e4hrlich am 21. M\u00e4rz begangen wird. Rund 400 Lyrikb\u00e4nde, darunter zahlreiche Klassiker, z\u00e4hlen zum Bestand der Stadt- und Regionalbibliothek und stehen damit dem geneigten Leser zum Ausleihen zur Verf\u00fcgung. Der Eintritt zur Veranstaltung ist frei.<\/p>\n\n\n\n<p>QUELLE: STADTVERWALTUNG<\/p>\n","protected":false},"excerpt":{"rendered":"<div class=\"mh-excerpt\"><p>Eine poetische Reise mit dem Literaturclub Gera k\u00f6nnen Interessierte am Donnerstag, den 20. M\u00e4rz 2025, ab 16.30 Uhr in der Bibliothek am Puschkinplatz unternehmen. Die Stadt- und Regionalbibliothek Gera l\u00e4dt am Donnerstag, 20. M\u00e4rz 2025, <a class=\"mh-excerpt-more\" href=\"https:\/\/www.studiogera.de\/001\/2025\/03\/07\/von-jahreszeiten-und-lebenszeiten\/\" title=\"VON JAHRESZEITEN UND LEBENSZEITEN\">[&#8230;]<\/a><\/p>\n<\/div>","protected":false},"author":2,"featured_media":30782,"comment_status":"open","ping_status":"open","sticky":false,"template":"","format":"standard","meta":{"footnotes":""},"categories":[8],"tags":[],"class_list":{"0":"post-36242","1":"post","2":"type-post","3":"status-publish","4":"format-standard","5":"has-post-thumbnail","7":"category-kultur"},"_links":{"self":[{"href":"https:\/\/www.studiogera.de\/001\/wp-json\/wp\/v2\/posts\/36242","targetHints":{"allow":["GET"]}}],"collection":[{"href":"https:\/\/www.studiogera.de\/001\/wp-json\/wp\/v2\/posts"}],"about":[{"href":"https:\/\/www.studiogera.de\/001\/wp-json\/wp\/v2\/types\/post"}],"author":[{"embeddable":true,"href":"https:\/\/www.studiogera.de\/001\/wp-json\/wp\/v2\/users\/2"}],"replies":[{"embeddable":true,"href":"https:\/\/www.studiogera.de\/001\/wp-json\/wp\/v2\/comments?post=36242"}],"version-history":[{"count":1,"href":"https:\/\/www.studiogera.de\/001\/wp-json\/wp\/v2\/posts\/36242\/revisions"}],"predecessor-version":[{"id":36243,"href":"https:\/\/www.studiogera.de\/001\/wp-json\/wp\/v2\/posts\/36242\/revisions\/36243"}],"wp:featuredmedia":[{"embeddable":true,"href":"https:\/\/www.studiogera.de\/001\/wp-json\/wp\/v2\/media\/30782"}],"wp:attachment":[{"href":"https:\/\/www.studiogera.de\/001\/wp-json\/wp\/v2\/media?parent=36242"}],"wp:term":[{"taxonomy":"category","embeddable":true,"href":"https:\/\/www.studiogera.de\/001\/wp-json\/wp\/v2\/categories?post=36242"},{"taxonomy":"post_tag","embeddable":true,"href":"https:\/\/www.studiogera.de\/001\/wp-json\/wp\/v2\/tags?post=36242"}],"curies":[{"name":"wp","href":"https:\/\/api.w.org\/{rel}","templated":true}]}}