{"id":36538,"date":"2025-03-24T13:48:34","date_gmt":"2025-03-24T12:48:34","guid":{"rendered":"https:\/\/www.studiogera.de\/001\/?p=36538"},"modified":"2025-03-24T13:48:36","modified_gmt":"2025-03-24T12:48:36","slug":"mehrere-braende-in-gera-und-umgebung","status":"publish","type":"post","link":"https:\/\/www.studiogera.de\/001\/2025\/03\/24\/mehrere-braende-in-gera-und-umgebung\/","title":{"rendered":"MEHRERE BR\u00c4NDE IN GERA UND UMGEBUNG"},"content":{"rendered":"\n<p>Gegen Mitternacht am 22. M\u00e4rz 2025 ging die Meldung bei der Rettungsleitstelle zu einem vermeintlichen Wohnungsbrand im Braunichswalder Weg in Seelingst\u00e4dt ein, sodass Feuerwehr, Rettungsdienst und Polizei ausr\u00fcckten. Vor Ort stellte sich heraus, dass ein Hochbeet auf einem Balkon brannte. Die Polizeibeamten griffen sofort mit einem Feuerl\u00f6scher in ein. Bis zum Eintreffen der Feuerwehr war der Brand gel\u00f6scht. Warum das Hochbeet brannte ist bislang unklar. Durch das Feuer entstand zudem Sachschaden an der Hausd\u00e4mmung. Zum Gl\u00fcck wurde niemand verletzt. Die Greizer Polizei nahm die Ermittlungen auf und nimmt Zeugenhinweise unter der Rufnummer +4936616210 entgegen. Am Telefon ist die Bezugsnummer 0074167\/2025 anzugeben.<\/p>\n\n\n\n<p>Am Sonntag, den 23. M\u00e4rz 2025, r\u00fcckten Feuerwehr und Polizei gegen 14 Uhr in die Maler-Fischer-Stra\u00dfe aus. Es war ein Brand im Bereich des dortigen Skateparks angegeben worden. Zun\u00e4chst unbekannte T\u00e4ter hatten auf ungekl\u00e4rte Art und Weise eine Gr\u00fcnfl\u00e4che in Brand gesetzt. Nach ersten Informationen wurden etwa 300 Quadratmeter besch\u00e4digt, wobei die Sachschadensh\u00f6he derzeitig noch unbekannt ist. Nach Zeugenhinweisen konnte ein 15-j\u00e4hriger Jugendlicher als Verursacher der Brandstiftung ermittelt werden. Nach den L\u00f6scharbeiten wurde der 15-J\u00e4hrige seinen Erziehungsberechtigten \u00fcbergeben. Die Geraer Polizei hat die Ermittlungen zum Brand aufgenommen.<\/p>\n\n\n\n<p>Sonntagnacht, am 23. M\u00e4rz 2025, brach um 20.26 Uhr in einem Mehrfamilienhaus in der Kurt-Keicher-Stra\u00dfe ein Brand aus. Unbekannte T\u00e4ter setzten auf unbekannte Art und Weise eine im Eingangsbereich des Hauses befindliche Papierm\u00fclltonne in Brand, sodass diese vollst\u00e4ndig zerst\u00f6rt wurde. Durch den schnellen L\u00f6scheinsatz der eingesetzten Feuerwehr konnten weitere Besch\u00e4digungen verhindert werden. Im Treppenhaus kam es durch Ru\u00dfablagerungen zu starken Verschmutzungen, wodurch Sachschaden in H\u00f6he eines mittleren vierstelligen Betrages entstand. Die Kriminalpolizei hat die Ermittlungen \u00fcbernommen und bittet Zeugen des Geschehens, sich unter der Rufnummer +4936582341465 zu melden. Am Telefon ist die Bezugsnummer 0075070\/2025 anzugeben.<\/p>\n\n\n\n<p>Im Zeitraum vom 20. bis 23. M\u00e4rz 2025 kam es in M\u00fcckern mehrmals zu Br\u00e4nden. Am 22. M\u00e4rz 2025 meldete ein Zeuge gegen 17.30 Uhr ein brennendes Holzlager (Bezugsnummer 0074538\/2025). Die hinzugerufene Feuerwehr konnte den Brand auf dem Privatgrundst\u00fcck der 70-j\u00e4hrigen Anwohnerin schnell l\u00f6schen. Es entstand Sachschaden in unbekannter H\u00f6he.<\/p>\n\n\n\n<p>Eine weitere Anwohnerin aus M\u00fcckern stellte am 23. M\u00e4rz 2025 auf ihrem Grundst\u00fcck fest, dass unbekannte T\u00e4ter eine Hecke auf dem zirka ein Quadratmeter gro\u00dfen Grundst\u00fcck in Brand gesetzt hatten. Einen weiteren Brand an einer Hecke hatte die 64-J\u00e4hrige bereits am 20. M\u00e4rz 2025 festgestellt, weshalb sie sich schlie\u00dflich an die Polizei wandte (Bezugsnummer 0074943\/2025). Diese Br\u00e4nde hatte die Gesch\u00e4digte bemerkt und dann selbstst\u00e4ndig gel\u00f6scht. Zu einer Gef\u00e4hrdung kam es nicht.<\/p>\n\n\n\n<p>Nach derzeitigem Stand der Ermittlungen geht die Polizei in den F\u00e4llen von M\u00fcckern von Brandstiftung aus und bittet diesbez\u00fcglich um Zeugenhinweise. Diese werden gebeten, sich unter der Rufnummer +493658290 zu melden. Die genaue Brandursache sowie m\u00f6gliche Zusammenh\u00e4nge sind Gegenstand der aufgenommenen Ermittlungen.<\/p>\n","protected":false},"excerpt":{"rendered":"<div class=\"mh-excerpt\"><p>Gegen Mitternacht am 22. M\u00e4rz 2025 ging die Meldung bei der Rettungsleitstelle zu einem vermeintlichen Wohnungsbrand im Braunichswalder Weg in Seelingst\u00e4dt ein, sodass Feuerwehr, Rettungsdienst und Polizei ausr\u00fcckten. Vor Ort stellte sich heraus, dass ein <a class=\"mh-excerpt-more\" href=\"https:\/\/www.studiogera.de\/001\/2025\/03\/24\/mehrere-braende-in-gera-und-umgebung\/\" title=\"MEHRERE BR\u00c4NDE IN GERA UND UMGEBUNG\">[&#8230;]<\/a><\/p>\n<\/div>","protected":false},"author":2,"featured_media":9362,"comment_status":"open","ping_status":"open","sticky":false,"template":"","format":"standard","meta":{"footnotes":""},"categories":[13],"tags":[],"class_list":{"0":"post-36538","1":"post","2":"type-post","3":"status-publish","4":"format-standard","5":"has-post-thumbnail","7":"category-polizeiberichte"},"_links":{"self":[{"href":"https:\/\/www.studiogera.de\/001\/wp-json\/wp\/v2\/posts\/36538","targetHints":{"allow":["GET"]}}],"collection":[{"href":"https:\/\/www.studiogera.de\/001\/wp-json\/wp\/v2\/posts"}],"about":[{"href":"https:\/\/www.studiogera.de\/001\/wp-json\/wp\/v2\/types\/post"}],"author":[{"embeddable":true,"href":"https:\/\/www.studiogera.de\/001\/wp-json\/wp\/v2\/users\/2"}],"replies":[{"embeddable":true,"href":"https:\/\/www.studiogera.de\/001\/wp-json\/wp\/v2\/comments?post=36538"}],"version-history":[{"count":1,"href":"https:\/\/www.studiogera.de\/001\/wp-json\/wp\/v2\/posts\/36538\/revisions"}],"predecessor-version":[{"id":36539,"href":"https:\/\/www.studiogera.de\/001\/wp-json\/wp\/v2\/posts\/36538\/revisions\/36539"}],"wp:featuredmedia":[{"embeddable":true,"href":"https:\/\/www.studiogera.de\/001\/wp-json\/wp\/v2\/media\/9362"}],"wp:attachment":[{"href":"https:\/\/www.studiogera.de\/001\/wp-json\/wp\/v2\/media?parent=36538"}],"wp:term":[{"taxonomy":"category","embeddable":true,"href":"https:\/\/www.studiogera.de\/001\/wp-json\/wp\/v2\/categories?post=36538"},{"taxonomy":"post_tag","embeddable":true,"href":"https:\/\/www.studiogera.de\/001\/wp-json\/wp\/v2\/tags?post=36538"}],"curies":[{"name":"wp","href":"https:\/\/api.w.org\/{rel}","templated":true}]}}