{"id":36557,"date":"2025-03-25T16:10:57","date_gmt":"2025-03-25T15:10:57","guid":{"rendered":"https:\/\/www.studiogera.de\/001\/?p=36557"},"modified":"2025-03-25T16:11:05","modified_gmt":"2025-03-25T15:11:05","slug":"vu-in-der-zoitzbergstrasse","status":"publish","type":"post","link":"https:\/\/www.studiogera.de\/001\/2025\/03\/25\/vu-in-der-zoitzbergstrasse\/","title":{"rendered":"VU IN DER ZOITZBERGSTRASSE"},"content":{"rendered":"\n<p>Am Montag, den 24. M\u00e4rz 2025, befuhr eine 61-j\u00e4hrige Fahrerin eines PKW Renault die Zoitzbergstra\u00dfe, um auf die Bundesstra\u00dfe 92 in Richtung Innenstadt aufzufahren. Hierf\u00fcr hielt diese an der roten Ampelanlage verkehrsbedingt an. Nach vorliegenden Informationen bemerkte eine 79-j\u00e4hrige Fahrerin eines PKW Nissan die verkehrsbedingt wartende 61-J\u00e4hrige zu sp\u00e4t und fuhr dieser auf. Es kam zum Unfall, wodurch die Renault-Fahrerin verletzt wurde. Sie musste folglich zur weiteren medizinischen Behandlung in ein Klinikum verbracht werden. An beiden Fahrzeugen entstand Sachschaden in H\u00f6he eines mittleren vierstelligen Betrages. Die Geraer Polizei hat die Ermittlungen zum Unfall aufgenommen.\u00a0<\/p>\n","protected":false},"excerpt":{"rendered":"<div class=\"mh-excerpt\"><p>Am Montag, den 24. M\u00e4rz 2025, befuhr eine 61-j\u00e4hrige Fahrerin eines PKW Renault die Zoitzbergstra\u00dfe, um auf die Bundesstra\u00dfe 92 in Richtung Innenstadt aufzufahren. Hierf\u00fcr hielt diese an der roten Ampelanlage verkehrsbedingt an. Nach vorliegenden <a class=\"mh-excerpt-more\" href=\"https:\/\/www.studiogera.de\/001\/2025\/03\/25\/vu-in-der-zoitzbergstrasse\/\" title=\"VU IN DER ZOITZBERGSTRASSE\">[&#8230;]<\/a><\/p>\n<\/div>","protected":false},"author":3,"featured_media":22582,"comment_status":"open","ping_status":"open","sticky":false,"template":"","format":"standard","meta":{"footnotes":""},"categories":[13],"tags":[],"class_list":{"0":"post-36557","1":"post","2":"type-post","3":"status-publish","4":"format-standard","5":"has-post-thumbnail","7":"category-polizeiberichte"},"_links":{"self":[{"href":"https:\/\/www.studiogera.de\/001\/wp-json\/wp\/v2\/posts\/36557","targetHints":{"allow":["GET"]}}],"collection":[{"href":"https:\/\/www.studiogera.de\/001\/wp-json\/wp\/v2\/posts"}],"about":[{"href":"https:\/\/www.studiogera.de\/001\/wp-json\/wp\/v2\/types\/post"}],"author":[{"embeddable":true,"href":"https:\/\/www.studiogera.de\/001\/wp-json\/wp\/v2\/users\/3"}],"replies":[{"embeddable":true,"href":"https:\/\/www.studiogera.de\/001\/wp-json\/wp\/v2\/comments?post=36557"}],"version-history":[{"count":2,"href":"https:\/\/www.studiogera.de\/001\/wp-json\/wp\/v2\/posts\/36557\/revisions"}],"predecessor-version":[{"id":36559,"href":"https:\/\/www.studiogera.de\/001\/wp-json\/wp\/v2\/posts\/36557\/revisions\/36559"}],"wp:featuredmedia":[{"embeddable":true,"href":"https:\/\/www.studiogera.de\/001\/wp-json\/wp\/v2\/media\/22582"}],"wp:attachment":[{"href":"https:\/\/www.studiogera.de\/001\/wp-json\/wp\/v2\/media?parent=36557"}],"wp:term":[{"taxonomy":"category","embeddable":true,"href":"https:\/\/www.studiogera.de\/001\/wp-json\/wp\/v2\/categories?post=36557"},{"taxonomy":"post_tag","embeddable":true,"href":"https:\/\/www.studiogera.de\/001\/wp-json\/wp\/v2\/tags?post=36557"}],"curies":[{"name":"wp","href":"https:\/\/api.w.org\/{rel}","templated":true}]}}