{"id":36560,"date":"2025-03-25T16:13:15","date_gmt":"2025-03-25T15:13:15","guid":{"rendered":"https:\/\/www.studiogera.de\/001\/?p=36560"},"modified":"2025-03-25T16:13:16","modified_gmt":"2025-03-25T15:13:16","slug":"alkoholisierter-radfahrer-in-der-weinbergstrasse","status":"publish","type":"post","link":"https:\/\/www.studiogera.de\/001\/2025\/03\/25\/alkoholisierter-radfahrer-in-der-weinbergstrasse\/","title":{"rendered":"ALKOHOLISIERTER RADFAHRER IN DER WEINBERGSTRASSE"},"content":{"rendered":"\n<p>Einen 57-j\u00e4hrigen Fahrradfahrer kontrollierten Polizeibeamte am 24. M\u00e4rz 2025 in der Weinbergstra\u00dfe in Untermhaus. Ein bei der Kontrolle durchgef\u00fchrter Atemalkoholtest ergab dabei einen Wert von \u00fcber 1,8 Promille, sodass die Weiterfahrt f\u00fcr den Mann beendet war. Die Folge waren eine Blutentnahme und die Einleitung eines entsprechenden Ermittlungsverfahrens.<\/p>\n","protected":false},"excerpt":{"rendered":"<div class=\"mh-excerpt\"><p>Einen 57-j\u00e4hrigen Fahrradfahrer kontrollierten Polizeibeamte am 24. M\u00e4rz 2025 in der Weinbergstra\u00dfe in Untermhaus. Ein bei der Kontrolle durchgef\u00fchrter Atemalkoholtest ergab dabei einen Wert von \u00fcber 1,8 Promille, sodass die Weiterfahrt f\u00fcr den Mann beendet <a class=\"mh-excerpt-more\" href=\"https:\/\/www.studiogera.de\/001\/2025\/03\/25\/alkoholisierter-radfahrer-in-der-weinbergstrasse\/\" title=\"ALKOHOLISIERTER RADFAHRER IN DER WEINBERGSTRASSE\">[&#8230;]<\/a><\/p>\n<\/div>","protected":false},"author":3,"featured_media":9353,"comment_status":"open","ping_status":"open","sticky":false,"template":"","format":"standard","meta":{"footnotes":""},"categories":[13],"tags":[],"class_list":{"0":"post-36560","1":"post","2":"type-post","3":"status-publish","4":"format-standard","5":"has-post-thumbnail","7":"category-polizeiberichte"},"_links":{"self":[{"href":"https:\/\/www.studiogera.de\/001\/wp-json\/wp\/v2\/posts\/36560","targetHints":{"allow":["GET"]}}],"collection":[{"href":"https:\/\/www.studiogera.de\/001\/wp-json\/wp\/v2\/posts"}],"about":[{"href":"https:\/\/www.studiogera.de\/001\/wp-json\/wp\/v2\/types\/post"}],"author":[{"embeddable":true,"href":"https:\/\/www.studiogera.de\/001\/wp-json\/wp\/v2\/users\/3"}],"replies":[{"embeddable":true,"href":"https:\/\/www.studiogera.de\/001\/wp-json\/wp\/v2\/comments?post=36560"}],"version-history":[{"count":1,"href":"https:\/\/www.studiogera.de\/001\/wp-json\/wp\/v2\/posts\/36560\/revisions"}],"predecessor-version":[{"id":36561,"href":"https:\/\/www.studiogera.de\/001\/wp-json\/wp\/v2\/posts\/36560\/revisions\/36561"}],"wp:featuredmedia":[{"embeddable":true,"href":"https:\/\/www.studiogera.de\/001\/wp-json\/wp\/v2\/media\/9353"}],"wp:attachment":[{"href":"https:\/\/www.studiogera.de\/001\/wp-json\/wp\/v2\/media?parent=36560"}],"wp:term":[{"taxonomy":"category","embeddable":true,"href":"https:\/\/www.studiogera.de\/001\/wp-json\/wp\/v2\/categories?post=36560"},{"taxonomy":"post_tag","embeddable":true,"href":"https:\/\/www.studiogera.de\/001\/wp-json\/wp\/v2\/tags?post=36560"}],"curies":[{"name":"wp","href":"https:\/\/api.w.org\/{rel}","templated":true}]}}