{"id":36562,"date":"2025-03-26T09:13:36","date_gmt":"2025-03-26T08:13:36","guid":{"rendered":"https:\/\/www.studiogera.de\/001\/?p=36562"},"modified":"2025-03-26T09:14:43","modified_gmt":"2025-03-26T08:14:43","slug":"regionalzug-mit-gegenstand-beworfen","status":"publish","type":"post","link":"https:\/\/www.studiogera.de\/001\/2025\/03\/26\/regionalzug-mit-gegenstand-beworfen\/","title":{"rendered":"REGIONALZUG MIT GEGENSTAND BEWORFEN"},"content":{"rendered":"\n<p>Von einer Bahnbr\u00fccke in Thieschitz wurde ein Zug mit einem stumpfen Gegenstand beworfen.<\/p>\n\n\n\n<p>Am 18. M\u00e4rz 2025 wurde ein Zug w\u00e4hrend der Fahrt zwischen Gera und Bad Klosterlausnitz von einer Br\u00fccke aus beworfen. Die Tat ereignete sich gegen 13 Uhr in der Ortslage Thiesch. Eine unbekannte m\u00e4nnliche Person warf einen Stein oder \u00e4hnlich stumpfen Gegenstand.<\/p>\n\n\n\n<p>Der geworfene Gegenstand besch\u00e4digte die Windschutzscheibe der Bahn, durchschlug diese jedoch nicht. Der Triebfahrzeugf\u00fchrer wurde nicht verletzt, auch keine Zuginsassen. Eine Schadenssumme ist noch nicht abschlie\u00dfend bezifferbar.<\/p>\n\n\n\n<p>Bundespolizisten sicherten Spuren und befragten Zeugen. Gegen den noch unbekannten T\u00e4ter wird zun\u00e4chst wegen Sachbesch\u00e4digung ermittelt. Der Anfangsverdacht eines gef\u00e4hrlichen Eingriffs in den Bahnverkehr wird ebenfalls gepr\u00fcft.<\/p>\n","protected":false},"excerpt":{"rendered":"<div class=\"mh-excerpt\"><p>Von einer Bahnbr\u00fccke in Thieschitz wurde ein Zug mit einem stumpfen Gegenstand beworfen. Am 18. M\u00e4rz 2025 wurde ein Zug w\u00e4hrend der Fahrt zwischen Gera und Bad Klosterlausnitz von einer Br\u00fccke aus beworfen. Die Tat <a class=\"mh-excerpt-more\" href=\"https:\/\/www.studiogera.de\/001\/2025\/03\/26\/regionalzug-mit-gegenstand-beworfen\/\" title=\"REGIONALZUG MIT GEGENSTAND BEWORFEN\">[&#8230;]<\/a><\/p>\n<\/div>","protected":false},"author":3,"featured_media":9354,"comment_status":"open","ping_status":"open","sticky":false,"template":"","format":"standard","meta":{"footnotes":""},"categories":[13],"tags":[],"class_list":{"0":"post-36562","1":"post","2":"type-post","3":"status-publish","4":"format-standard","5":"has-post-thumbnail","7":"category-polizeiberichte"},"_links":{"self":[{"href":"https:\/\/www.studiogera.de\/001\/wp-json\/wp\/v2\/posts\/36562","targetHints":{"allow":["GET"]}}],"collection":[{"href":"https:\/\/www.studiogera.de\/001\/wp-json\/wp\/v2\/posts"}],"about":[{"href":"https:\/\/www.studiogera.de\/001\/wp-json\/wp\/v2\/types\/post"}],"author":[{"embeddable":true,"href":"https:\/\/www.studiogera.de\/001\/wp-json\/wp\/v2\/users\/3"}],"replies":[{"embeddable":true,"href":"https:\/\/www.studiogera.de\/001\/wp-json\/wp\/v2\/comments?post=36562"}],"version-history":[{"count":2,"href":"https:\/\/www.studiogera.de\/001\/wp-json\/wp\/v2\/posts\/36562\/revisions"}],"predecessor-version":[{"id":36565,"href":"https:\/\/www.studiogera.de\/001\/wp-json\/wp\/v2\/posts\/36562\/revisions\/36565"}],"wp:featuredmedia":[{"embeddable":true,"href":"https:\/\/www.studiogera.de\/001\/wp-json\/wp\/v2\/media\/9354"}],"wp:attachment":[{"href":"https:\/\/www.studiogera.de\/001\/wp-json\/wp\/v2\/media?parent=36562"}],"wp:term":[{"taxonomy":"category","embeddable":true,"href":"https:\/\/www.studiogera.de\/001\/wp-json\/wp\/v2\/categories?post=36562"},{"taxonomy":"post_tag","embeddable":true,"href":"https:\/\/www.studiogera.de\/001\/wp-json\/wp\/v2\/tags?post=36562"}],"curies":[{"name":"wp","href":"https:\/\/api.w.org\/{rel}","templated":true}]}}