{"id":36593,"date":"2025-03-27T12:32:51","date_gmt":"2025-03-27T11:32:51","guid":{"rendered":"https:\/\/www.studiogera.de\/001\/?p=36593"},"modified":"2025-03-27T12:32:52","modified_gmt":"2025-03-27T11:32:52","slug":"der-naturnahe-garten","status":"publish","type":"post","link":"https:\/\/www.studiogera.de\/001\/2025\/03\/27\/der-naturnahe-garten\/","title":{"rendered":"DER NATURNAHE GARTEN"},"content":{"rendered":"\n<p>Ein Garten nah&nbsp;an der Natur schenkt Zufriedenheit und Gl\u00fcck. Vogelgezwitscher und Tierbeobachtungen lassen Gl\u00fccksgef\u00fchle entstehen.&nbsp;Nicole Hanelt vom Naturschutzbund pr\u00e4sentiert gemeinsam mit Kindern der&nbsp;Naturschutzjugend (NAJU) Gera Ideen zum Miteinander von Mensch&nbsp;und Tier im&nbsp;Garten.&nbsp;<\/p>\n\n\n\n<p>Zum Treffpunkt Bibliothek am Dienstag, den 1. April 2025, 17 Uhr, erwartet die Besucher ein interaktiver Nachmittag mit einfach umzusetzenden Anregungen, um den eigenen Garten naturnah zu gestalten und ihn somit auch mit Tieren zu teilen.<\/p>\n\n\n\n<p>Die Naturschutzjugend\u00a0ist mit \u00fcber 100&#8217;000 Mitgliedern der f\u00fchrende Kinder- und Jugendverband in der au\u00dferschulischen Umweltbildung, im Umweltschutz und im praktischen Naturschutz. Der Eintritt ist frei.<\/p>\n\n\n\n<p>QUELLE: STADTVERWALTUNG<\/p>\n","protected":false},"excerpt":{"rendered":"<div class=\"mh-excerpt\"><p>Ein Garten nah&nbsp;an der Natur schenkt Zufriedenheit und Gl\u00fcck. Vogelgezwitscher und Tierbeobachtungen lassen Gl\u00fccksgef\u00fchle entstehen.&nbsp;Nicole Hanelt vom Naturschutzbund pr\u00e4sentiert gemeinsam mit Kindern der&nbsp;Naturschutzjugend (NAJU) Gera Ideen zum Miteinander von Mensch&nbsp;und Tier im&nbsp;Garten.&nbsp; Zum Treffpunkt Bibliothek <a class=\"mh-excerpt-more\" href=\"https:\/\/www.studiogera.de\/001\/2025\/03\/27\/der-naturnahe-garten\/\" title=\"DER NATURNAHE GARTEN\">[&#8230;]<\/a><\/p>\n<\/div>","protected":false},"author":2,"featured_media":36594,"comment_status":"open","ping_status":"open","sticky":false,"template":"","format":"standard","meta":{"footnotes":""},"categories":[8],"tags":[],"class_list":{"0":"post-36593","1":"post","2":"type-post","3":"status-publish","4":"format-standard","5":"has-post-thumbnail","7":"category-kultur"},"_links":{"self":[{"href":"https:\/\/www.studiogera.de\/001\/wp-json\/wp\/v2\/posts\/36593","targetHints":{"allow":["GET"]}}],"collection":[{"href":"https:\/\/www.studiogera.de\/001\/wp-json\/wp\/v2\/posts"}],"about":[{"href":"https:\/\/www.studiogera.de\/001\/wp-json\/wp\/v2\/types\/post"}],"author":[{"embeddable":true,"href":"https:\/\/www.studiogera.de\/001\/wp-json\/wp\/v2\/users\/2"}],"replies":[{"embeddable":true,"href":"https:\/\/www.studiogera.de\/001\/wp-json\/wp\/v2\/comments?post=36593"}],"version-history":[{"count":1,"href":"https:\/\/www.studiogera.de\/001\/wp-json\/wp\/v2\/posts\/36593\/revisions"}],"predecessor-version":[{"id":36595,"href":"https:\/\/www.studiogera.de\/001\/wp-json\/wp\/v2\/posts\/36593\/revisions\/36595"}],"wp:featuredmedia":[{"embeddable":true,"href":"https:\/\/www.studiogera.de\/001\/wp-json\/wp\/v2\/media\/36594"}],"wp:attachment":[{"href":"https:\/\/www.studiogera.de\/001\/wp-json\/wp\/v2\/media?parent=36593"}],"wp:term":[{"taxonomy":"category","embeddable":true,"href":"https:\/\/www.studiogera.de\/001\/wp-json\/wp\/v2\/categories?post=36593"},{"taxonomy":"post_tag","embeddable":true,"href":"https:\/\/www.studiogera.de\/001\/wp-json\/wp\/v2\/tags?post=36593"}],"curies":[{"name":"wp","href":"https:\/\/api.w.org\/{rel}","templated":true}]}}