{"id":36845,"date":"2025-04-14T16:54:58","date_gmt":"2025-04-14T14:54:58","guid":{"rendered":"https:\/\/www.studiogera.de\/001\/?p=36845"},"modified":"2025-04-14T17:20:44","modified_gmt":"2025-04-14T15:20:44","slug":"zunehmende-herausforderungen-fuer-die-stadt-gera","status":"publish","type":"post","link":"https:\/\/www.studiogera.de\/001\/2025\/04\/14\/zunehmende-herausforderungen-fuer-die-stadt-gera\/","title":{"rendered":"ZUNEHMENDE HERAUSFORDERUNGEN F\u00dcR DIE STADT GERA"},"content":{"rendered":"\n<p>Die Stadt Gera befindet sich vor einer Vielzahl gr\u00f6\u00dfer werdender Herausforderungen, die wirtschaftliche, demografische, soziale und infrastrukturelle Aspekte betreffen. Was die wirtschaftlichen Probleme anbelangt, stehen die Arbeitslosigkeit und Abwanderung im Fokus, ebenso die finanziellen Belastungen. Letztgenannte ergeben sich durch die Folgen multipler Krisen wie dem Ukraine-Krieg, der Inflation und den steigenden Energiekosten. Trotz Konsolidierungsma\u00dfnahmen bleibt die finanzielle Situation angespannt.<\/p>\n\n\n\n<p>Abgewandert sind \u00fcberwiegend qualifizierte Menschen, sodass der Anteil alter, versehrter und weniger gebildeter Menschen relativ hoch ist. Trotz der verkehrsg\u00fcnstigen Lage wird der Standort Gera ohne zus\u00e4tzliche Anreize kaum beachtet. Der Mangel an Fachkr\u00e4ften erschwert die wirtschaftliche Entwicklung und die Sicherstellung \u00f6ffentlicher Dienstleistung. Viele Zuwanderer bringen nicht die n\u00f6tigen Qualifikationen mit. Gleichzeitig werden vorhandene oftmals nicht anerkannt, sodass sich manch Arbeitswilliger nur im Niedriglohnsektor bet\u00e4tigen kann. Aufgrund der hohen Anspr\u00fcche und enormen Arbeitsverdichtung in vielen Unternehmen k\u00f6nnen bereits Menschen mit mittlerem Leistungsverm\u00f6gen nicht mehr das f\u00fcr ihren Lebensunterhalt notwendige Geld erwirtschaften. Das betrifft sowohl Einheimische als auch Fremde. Dem h\u00f6her werdenden Leistungsdruck steht eine alternde und gesundheitlich vorbelastete Gesellschaft gegen\u00fcber, die mehr Dienstleistungen und G\u00fcter ben\u00f6tigt als sie selbst erwirtschaftet.<\/p>\n\n\n\n<p>Die \u00dcberalterung der Gesellschaft stellt auch eine Herausforderung f\u00fcr die soziale Infrastruktur dar. Viele \u00e4ltere Menschen leben ohne famili\u00e4re Unterst\u00fctzung, w\u00e4hrend junge Familien oft abwandern. Die Situation bei Haus-, Kinder- und Frauen\u00e4rzten ist angespannt. Viele Mediziner wechseln bald in den Ruhestand. Die Suche nach \u00c4rzten, die neue Patienten aufnehmen, erweist sich als sehr schwierig. Ma\u00dfnahmen wie Stipendienprogramme sollen langfristig Abhilfe schaffen. Dr\u00e4ngende Themen sind die Altersarmut und Vereinsamung im Alter. Ehrenamtliches Engagement sowie soziale Einrichtungen sollen deshalb gest\u00e4rkt werden.<\/p>\n\n\n\n<p>Bez\u00fcglich der Infrastruktur und Stadtentwicklung liegt der Fokus auf den Bereichen Verkehr und Urbanisierung sowie Klimawandel und Sicherstellung der Energieversorgung. Wichtigste Aufgabe ist hier die Schaffung einer nachhaltigen und sicheren Energieversorgung.<\/p>\n\n\n\n<p>Auch verschiedene kulturelle und gesellschaftliche Aspekte stehen im Vordergrund. Gera sucht nach einer neuen Identit\u00e4t zwischen Tradition und Moderne. Durch Initiativen wie \u201eStay in Gera\u201c soll das Bild der Stadt verbessert werden. Weitere wichtige Anliegen sind die Sanierung von Sportst\u00e4tten wie der Radrennbahn sowie die Unterst\u00fctzung von Vereinen. Trotz dieser Herausforderungen zeigt Gera auch Potenziale, etwa durch innovative Projekte wie \u201eSmartcity\u201c, die auf Digitalisierung und Nachhaltigkeit setzen, sowie durch engagierte B\u00fcrgerinitiativen, die die Attraktivit\u00e4t der Stadt f\u00f6rdern m\u00f6chten.<\/p>\n\n\n\n<p>Erhebliche Auswirkungen auf die Stadtkasse hat der Krieg in der Ukraine. Wegen der Sanktionen gegen Russland und der daraus resultierenden Umbr\u00fcche auf dem Energiemarkt sind die Kosten f\u00fcr Gas, Elektrizit\u00e4t und Fernw\u00e4rme deutlich gestiegen. Dies belastet die Stadtkasse zus\u00e4tzlich. Die Inflation hat zu h\u00f6heren Tarifabschl\u00fcssen gef\u00fchrt, was wiederum die Personalkosten der Stadtverwaltung erh\u00f6ht. Diese zus\u00e4tzlichen Ausgaben m\u00fcssen finanziert werden, w\u00e4hrend gleichzeitig der Finanzhaushalt konsolidiert wird. Zudem hat Gera seit Beginn des Krieges zahlreiche Ukrainer aufgenommen. Neben der Versorgung mit Sachspenden und Hilfsg\u00fctern unterst\u00fctzt die Stadt diese Menschen bei der Integration in den Arbeitsmarkt. Die Kosten f\u00fcr solche Ma\u00dfnahmen stellen eine weitere finanzielle Herausforderung dar. Trotz dieser Belastungen konnte Gera durch Haushaltskonsolidierungsma\u00dfnahmen Schulden abbauen und rechtskonforme Haushalte aufstellen. Dennoch bleibt die finanzielle Lage angespannt.<\/p>\n","protected":false},"excerpt":{"rendered":"<div class=\"mh-excerpt\"><p>Die Stadt Gera befindet sich vor einer Vielzahl gr\u00f6\u00dfer werdender Herausforderungen, die wirtschaftliche, demografische, soziale und infrastrukturelle Aspekte betreffen. Was die wirtschaftlichen Probleme anbelangt, stehen die Arbeitslosigkeit und Abwanderung im Fokus, ebenso die finanziellen Belastungen. <a class=\"mh-excerpt-more\" href=\"https:\/\/www.studiogera.de\/001\/2025\/04\/14\/zunehmende-herausforderungen-fuer-die-stadt-gera\/\" title=\"ZUNEHMENDE HERAUSFORDERUNGEN F\u00dcR DIE STADT GERA\">[&#8230;]<\/a><\/p>\n<\/div>","protected":false},"author":2,"featured_media":35078,"comment_status":"open","ping_status":"open","sticky":false,"template":"","format":"standard","meta":{"footnotes":""},"categories":[3],"tags":[],"class_list":{"0":"post-36845","1":"post","2":"type-post","3":"status-publish","4":"format-standard","5":"has-post-thumbnail","7":"category-lokal"},"_links":{"self":[{"href":"https:\/\/www.studiogera.de\/001\/wp-json\/wp\/v2\/posts\/36845","targetHints":{"allow":["GET"]}}],"collection":[{"href":"https:\/\/www.studiogera.de\/001\/wp-json\/wp\/v2\/posts"}],"about":[{"href":"https:\/\/www.studiogera.de\/001\/wp-json\/wp\/v2\/types\/post"}],"author":[{"embeddable":true,"href":"https:\/\/www.studiogera.de\/001\/wp-json\/wp\/v2\/users\/2"}],"replies":[{"embeddable":true,"href":"https:\/\/www.studiogera.de\/001\/wp-json\/wp\/v2\/comments?post=36845"}],"version-history":[{"count":4,"href":"https:\/\/www.studiogera.de\/001\/wp-json\/wp\/v2\/posts\/36845\/revisions"}],"predecessor-version":[{"id":36849,"href":"https:\/\/www.studiogera.de\/001\/wp-json\/wp\/v2\/posts\/36845\/revisions\/36849"}],"wp:featuredmedia":[{"embeddable":true,"href":"https:\/\/www.studiogera.de\/001\/wp-json\/wp\/v2\/media\/35078"}],"wp:attachment":[{"href":"https:\/\/www.studiogera.de\/001\/wp-json\/wp\/v2\/media?parent=36845"}],"wp:term":[{"taxonomy":"category","embeddable":true,"href":"https:\/\/www.studiogera.de\/001\/wp-json\/wp\/v2\/categories?post=36845"},{"taxonomy":"post_tag","embeddable":true,"href":"https:\/\/www.studiogera.de\/001\/wp-json\/wp\/v2\/tags?post=36845"}],"curies":[{"name":"wp","href":"https:\/\/api.w.org\/{rel}","templated":true}]}}