{"id":36851,"date":"2025-04-15T11:31:42","date_gmt":"2025-04-15T09:31:42","guid":{"rendered":"https:\/\/www.studiogera.de\/001\/?p=36851"},"modified":"2025-04-15T11:31:57","modified_gmt":"2025-04-15T09:31:57","slug":"eva-gevorgyan-und-polina-osetinskaya-im-gespraech","status":"publish","type":"post","link":"https:\/\/www.studiogera.de\/001\/2025\/04\/15\/eva-gevorgyan-und-polina-osetinskaya-im-gespraech\/","title":{"rendered":"EVA GEVORGYAN UND POLINA OSETINSKAYA IM GESPR\u00c4CH"},"content":{"rendered":"\n<p>Ein wahres Feuerwerk der Virtuosit\u00e4t erlebte das Publikum am 9. und 10. April 2025 im Konzertsaal Gera: An nur einem Abend wurden alle f\u00fcnf Klavierkonzerte von Sergej Prokofjew aufgef\u00fchrt \u2013 eine pianistische Herausforderung, die neben Ausdauer auch technisches K\u00f6nnen und Leidenschaft verlangte. F\u00fcr dieses au\u00dfergew\u00f6hnliche Konzertereignis konnte das Theater Altenburg Gera zwei der beeindruckendsten Pianistinnen unserer Zeit gewinnen: Polina Osetinskaya und Eva Gevorgyan. Im Interview vor der Auff\u00fchrung erz\u00e4hlten sie, was sie an Prokofjews Musik fasziniert und was die Herausforderungen eines solchen Konzertprojektes sind.<\/p>\n\n\n\n<p><em>Alle f\u00fcnf Klavierkonzerte von Prokofjew an einem Abend \u2013 was war Ihr erster Gedanke, als Sie die Anfrage des Theaters erhielten?<\/em><br>Eva Gevorgyan: Mein erster Gedanke war eine Mischung aus Begeisterung und gro\u00dfem Respekt.<br>Polina Osetinskaya (schmunzelnd): Mein erster Gedanke war: Das ist verr\u00fcckt!<\/p>\n\n\n\n<p><em>Wie haben Sie sich auf dieses au\u00dfergew\u00f6hnliche Konzert vorbereitet?<\/em><br>Eva Gevorgyan: Die Vorbereitung auf das Konzert war sowohl k\u00f6rperlich als auch mental herausfordernd. Neben meinen Konzertreisen und Auftritten musste ich au\u00dferdem meine Proben gut planen.<br>Polina Osetinskaya: Das f\u00fcnfte Konzert von Prokofjew hatte ich zuvor noch nie gespielt, also musste ich es komplett neu erarbeiten. Die Noten sind so komplex, dass der Pianist, der die Urauff\u00fchrung damals spielen sollte, letztendlich kapitulierte.<\/p>\n\n\n\n<p><em>Welche Beziehung haben Sie pers\u00f6nlich zu Prokofjews Musik?<\/em><br>Eva Gevorgyan: Ich bewundere die Musik von Prokofjew. Seine Werke vereinen Pr\u00e4zision und Leidenschaft.<br>Polina Osetinskaya: Ich muss immer weinen, wenn ich \u201eCinderella\u201c oder \u201eRomeo und Julia\u201c h\u00f6re oder wenn ich seine Solo- oder Kammermusik spiele. F\u00fcr mich pers\u00f6nlich ist er einer der wichtigsten Komponisten weltweit.<\/p>\n\n\n\n<p><em>Wann haben Sie mit dem Klavierspielen begonnen?<\/em><br>Eva Gevorgyan: Ich habe sehr fr\u00fch angefangen, etwa mit f\u00fcnf Jahren. Musik war immer ein Teil meines Lebens \u2013 meine Mutter war Bratschistin, daher spielte Musik in unserer Familie immer eine bedeutende Rolle.<br>Polina Osetinskaya: Ich habe ebenso mit f\u00fcnf Jahren begonnen.<\/p>\n\n\n\n<p><em>Was macht f\u00fcr Sie einen guten Live-Auftritt aus?<\/em><br>Polina Osetinskaya: Am Ende z\u00e4hlt vor allem eines: Die Herzen der Menschen mit der Musik zu erreichen.<br>Eva Gevorgyan: Das sehe ich \u00e4hnlich. Es geht nicht nur darum technisch perfekt zu spielen, sondern einen gemeinsamen Moment mit dem Publikum zu kreieren.<\/p>\n\n\n\n<p><em>Was kann das Publikum von diesem au\u00dfergew\u00f6hnlichen Abend erwarten?<\/em><br>Polina Osetinskaya (schmunzelnd): Dass sowohl sie als auch die Musiker diesen Marathon \u00fcberleben.<br>Eva Gevorgyan: Dieser Abend verspricht, ein wahrhaft unvergessliches Erlebnis zu werden.<\/p>\n\n\n\n<p>Das Interview f\u00fchrte Susanne Streicher vom Theater Altenburg Gera.<\/p>\n\n\n\n<p>Polina Osetinskaya ist eine russische Pianistin, die mit f\u00fcnf Jahren zu spielen begann und bereits mit 13 am Leningrader Konservatorium studierte. Sie trat weltweit in renommierten Konzerts\u00e4len auf und arbeitete mit bedeutenden Orchestern zusammen.<\/p>\n\n\n\n<p>Eva Gevorgyan ist eine russisch-armenische Pianistin, geboren 2004 in Moskau. Schon als Kind gewann sie zahlreiche Musikwettbewerbe und trat in ber\u00fchmten Konzerts\u00e4len auf. Neben ihren Auftritten ver\u00f6ffentlichte sie 2022 ihr erstes Album mit Klavierst\u00fccken von Chopin und Skrjabin.<\/p>\n\n\n\n<p>QUELLE: THEATER ALTENBURG GERA GGMBH<\/p>\n","protected":false},"excerpt":{"rendered":"<div class=\"mh-excerpt\"><p>Ein wahres Feuerwerk der Virtuosit\u00e4t erlebte das Publikum am 9. und 10. April 2025 im Konzertsaal Gera: An nur einem Abend wurden alle f\u00fcnf Klavierkonzerte von Sergej Prokofjew aufgef\u00fchrt \u2013 eine pianistische Herausforderung, die neben <a class=\"mh-excerpt-more\" href=\"https:\/\/www.studiogera.de\/001\/2025\/04\/15\/eva-gevorgyan-und-polina-osetinskaya-im-gespraech\/\" title=\"EVA GEVORGYAN UND POLINA OSETINSKAYA IM GESPR\u00c4CH\">[&#8230;]<\/a><\/p>\n<\/div>","protected":false},"author":2,"featured_media":36852,"comment_status":"open","ping_status":"open","sticky":false,"template":"","format":"standard","meta":{"footnotes":""},"categories":[15],"tags":[],"class_list":{"0":"post-36851","1":"post","2":"type-post","3":"status-publish","4":"format-standard","5":"has-post-thumbnail","7":"category-theater"},"_links":{"self":[{"href":"https:\/\/www.studiogera.de\/001\/wp-json\/wp\/v2\/posts\/36851","targetHints":{"allow":["GET"]}}],"collection":[{"href":"https:\/\/www.studiogera.de\/001\/wp-json\/wp\/v2\/posts"}],"about":[{"href":"https:\/\/www.studiogera.de\/001\/wp-json\/wp\/v2\/types\/post"}],"author":[{"embeddable":true,"href":"https:\/\/www.studiogera.de\/001\/wp-json\/wp\/v2\/users\/2"}],"replies":[{"embeddable":true,"href":"https:\/\/www.studiogera.de\/001\/wp-json\/wp\/v2\/comments?post=36851"}],"version-history":[{"count":1,"href":"https:\/\/www.studiogera.de\/001\/wp-json\/wp\/v2\/posts\/36851\/revisions"}],"predecessor-version":[{"id":36853,"href":"https:\/\/www.studiogera.de\/001\/wp-json\/wp\/v2\/posts\/36851\/revisions\/36853"}],"wp:featuredmedia":[{"embeddable":true,"href":"https:\/\/www.studiogera.de\/001\/wp-json\/wp\/v2\/media\/36852"}],"wp:attachment":[{"href":"https:\/\/www.studiogera.de\/001\/wp-json\/wp\/v2\/media?parent=36851"}],"wp:term":[{"taxonomy":"category","embeddable":true,"href":"https:\/\/www.studiogera.de\/001\/wp-json\/wp\/v2\/categories?post=36851"},{"taxonomy":"post_tag","embeddable":true,"href":"https:\/\/www.studiogera.de\/001\/wp-json\/wp\/v2\/tags?post=36851"}],"curies":[{"name":"wp","href":"https:\/\/api.w.org\/{rel}","templated":true}]}}